{"id":94,"date":"2017-03-20T12:09:22","date_gmt":"2017-03-20T11:09:22","guid":{"rendered":"http:\/\/td_uid_51_5881efe217e42"},"modified":"2019-06-25T10:20:25","modified_gmt":"2019-06-25T08:20:25","slug":"schuhtrends-2017","status":"publish","type":"post","link":"https:\/\/www.schuh-germann.de\/blog\/schuhtrends-2017\/","title":{"rendered":"Geschn\u00fcrt, vergoldet und funkelnd: Die Schuhtrends 2017"},"content":{"rendered":"<p><strong>Geschn\u00fcrt, vergoldet und funkelnd: Die Schuhtrends 2017<\/strong><\/p>\n<p>Was geh\u00f6rt im Jahr 2017 an die trendbewussten F\u00fc\u00dfe? Ihre Schuh-Experten aus Pirmasens wissen es und stellen Ihnen hier die Schuhtrends 2017 vor.<\/p>\n<p><strong>Flach, flacher, Slipper <\/strong><\/p>\n<p>Die Schuhtrends 2017 sind vor allem flach: Um trendig zu sein, muss sich Frau in diesem Jahr nicht unbedingt auf hohe Abs\u00e4tze begeben. Beliebt sind Slipper bzw. Loafers, Ballerinas oder Adiletten, die bequem zu tragen sind. Auf Stil muss dabei nicht verzichtet werden. Zu Trendschuhen werden die kultigen Adiletten n\u00e4mlich durch ihre besonderen Details: In diesem Jahr werden sie mit Schleifen, \u00d6sen, Satinb\u00e4ndern, floralen Stickereien, Bl\u00fctendrucke oder Perlen zu besonderen Hinguckern. Damen wie Herren tragen 2017 Loafers, die sowohl zu einem schicken Business-Outfit wie auch zu der l\u00e4ssigen Jeans passen.<\/p>\n<p><strong>Der fesselnde Schuhtrend 2017<\/strong><\/p>\n<p>In diesem Jahr wird es auch elegant: Im Trend liegen feine Schuhe mit Kn\u00f6chel- und Fesselriemchen und Schn\u00fcrdetails. Die geschn\u00fcrten Sandaletten tragen sich wunderbar in einer lauen Fr\u00fchsommernacht, als Pump mit Schn\u00fcrdetails macht man auf jeder Party eine gute Figur.<\/p>\n<p><strong>Goldene Zeiten f\u00fcr Clogs und Stiefel<\/strong><\/p>\n<p>Bereits im vergangenen Jahr konnte man modebewusste Menschen damit sehen, in diesem Jahr geh\u00f6ren sie endg\u00fcltig zu den angesagten Trends: Schuhe mit Metallic-Effekten. Ob in Gold, Silber, Ros\u00e9 oder mit Details, die die Schuhe zum Funkeln und Glitzern bringen: Sandaletten, Clogs oder Stiefel sind nicht vor diesen Must-haves sicher.<\/p>\n<p><strong>Sommerstiefel durch die rosa Brille betrachtet<\/strong><\/p>\n<p>Mit den schweren Winterstiefeln hat dieser Schuhtrend 2017 nichts zu tun. Die Boots, Stiefel und Stiefelletten, die Frau diesen Sommer tr\u00e4gt, bestechen durch All-Over-Blumenprints und zarte Pastellfarben. So erh\u00e4lt der robuste Schuh eine leichte Note.<\/p>\n<p><strong>Sneakers in neuem Gewand<\/strong><\/p>\n<p>Wei\u00dfe Sneakers geh\u00f6ren zu den Must-Haves des Sommers. Besondere Details der Trend-Treter sind Glitzer-Applikationen und aufregende Farben. Die bequemen Schuhe tr\u00e4gt man in 2017 vor allem in den Farben Rosa und Apricot, die einen sch\u00f6nen Kontrast zu der L\u00e4ssigkeit des Sneakers darstellen.<\/p>\n<p><strong>Der Plateauschuh ist zur\u00fcck<\/strong><\/p>\n<p>Einer der gr\u00f6\u00dften Modehits ist zur\u00fcck auf der internationalen B\u00fchne: Zu den Schuhtrends 2017 geh\u00f6rt der Plateauschuh, der sich durch seine durchgehende Sohle definiert. In die Kategorie \u201eHoch gestapelt\u201c geh\u00f6ren auch die Mules mit Blockabsatz. Die Plateauschuhe 2017 zeichnen sich durch ausgew\u00e4hlte Materialien und au\u00dfergew\u00f6hnliche Prints aus.<\/p>\n<p>Alle Schuhtrends 2017 sind im <a href=\"https:\/\/www.schuh-germann.de\/\"><strong>Online-Shop<\/strong><\/a> zu finden. St\u00f6bern Sie und finden Sie den passenden Schuh f\u00fcr Ihren Geschmack und den jeweiligen Anlass.<\/p>\n","protected":false},"excerpt":{"rendered":"<p>Geschn\u00fcrt, vergoldet und funkelnd: Die Schuhtrends 2017 Was geh\u00f6rt im Jahr 2017 an die trendbewussten F\u00fc\u00dfe? Ihre Schuh-Experten aus Pirmasens wissen es und stellen Ihnen hier die Schuhtrends 2017 vor. Flach, flacher, Slipper Die Schuhtrends 2017 sind vor allem flach: Um trendig zu sein, muss sich Frau in diesem Jahr nicht unbedingt auf hohe Abs\u00e4tze [&hellip;]<\/p>\n","protected":false},"author":2,"featured_media":235,"comment_status":"open","ping_status":"closed","sticky":false,"template":"","format":"standard","meta":[],"categories":[6],"tags":[239,238,237],"yoast_head":"<!-- This site is optimized with the Yoast SEO Premium plugin v16.1 (Yoast SEO v16.8) - https:\/\/yoast.com\/wordpress\/plugins\/seo\/ -->\n<meta name=\"description\" content=\"Geschn\u00fcrt, vergoldet und funkelnd: Die Schuhtrends 2017. Was geh\u00f6rt im Jahr 2017 an die trendbewussten F\u00fc\u00dfe? Ihre Schuh-Experten aus Pirmasens wissen es.\" \/>\n<meta name=\"robots\" content=\"index, follow, max-snippet:-1, max-image-preview:large, max-video-preview:-1\" \/>\n<link rel=\"canonical\" href=\"https:\/\/www.schuh-germann.de\/blog\/schuhtrends-2017\/\" \/>\n<meta property=\"og:locale\" content=\"de_DE\" \/>\n<meta property=\"og:type\" content=\"article\" \/>\n<meta property=\"og:title\" content=\"Geschn\u00fcrt, vergoldet und funkelnd: Die Schuhtrends 2017 - Fashion &amp; Lifestyle\" \/>\n<meta property=\"og:description\" content=\"Geschn\u00fcrt, vergoldet und funkelnd: Die Schuhtrends 2017. Was geh\u00f6rt im Jahr 2017 an die trendbewussten F\u00fc\u00dfe? Ihre Schuh-Experten aus Pirmasens wissen es.\" \/>\n<meta property=\"og:url\" content=\"https:\/\/www.schuh-germann.de\/blog\/schuhtrends-2017\/\" \/>\n<meta property=\"og:site_name\" content=\"Fashion &amp; Lifestyle\" \/>\n<meta property=\"article:publisher\" content=\"https:\/\/www.facebook.com\/schuh.germann\/\" \/>\n<meta property=\"article:published_time\" content=\"2017-03-20T11:09:22+00:00\" \/>\n<meta property=\"article:modified_time\" content=\"2019-06-25T08:20:25+00:00\" \/>\n<meta property=\"og:image\" content=\"https:\/\/www.schuh-germann.de\/blog\/wp-content\/uploads\/2017\/03\/golden.jpg\" \/>\n\t<meta property=\"og:image:width\" content=\"1900\" \/>\n\t<meta property=\"og:image:height\" content=\"1267\" \/>\n<meta name=\"twitter:card\" content=\"summary\" \/>\n<meta name=\"twitter:description\" content=\"Geschn\u00fcrt, vergoldet und funkelnd: Die Schuhtrends 2017. Was geh\u00f6rt im Jahr 2017 an die trendbewussten F\u00fc\u00dfe?\" \/>\n<meta name=\"twitter:label1\" content=\"Verfasst von\" \/>\n\t<meta name=\"twitter:data1\" content=\"Schuh Germann\" \/>\n\t<meta name=\"twitter:label2\" content=\"Gesch\u00e4tzte Lesezeit\" \/>\n\t<meta name=\"twitter:data2\" content=\"2 Minuten\" \/>\n<script type=\"application\/ld+json\" class=\"yoast-schema-graph\">{\"@context\":\"https:\/\/schema.org\",\"@graph\":[{\"@type\":[\"Organization\",\"Place\"],\"@id\":\"https:\/\/www.schuh-germann.de\/blog\/#organization\",\"name\":\"Schuh Germann GmbH\",\"url\":\"https:\/\/www.schuh-germann.de\/blog\/\",\"sameAs\":[\"https:\/\/www.facebook.com\/schuh.germann\/\",\"https:\/\/www.instagram.com\/schuhgermann\/\"],\"logo\":{\"@type\":\"ImageObject\",\"@id\":\"https:\/\/www.schuh-germann.de\/blog\/#logo\",\"inLanguage\":\"de-DE\",\"url\":\"https:\/\/www.schuh-germann.de\/blog\/wp-content\/uploads\/2017\/03\/germann_logo_rot.png\",\"contentUrl\":\"https:\/\/www.schuh-germann.de\/blog\/wp-content\/uploads\/2017\/03\/germann_logo_rot.png\",\"width\":460,\"height\":189,\"caption\":\"Schuh Germann GmbH\"},\"image\":{\"@id\":\"https:\/\/www.schuh-germann.de\/blog\/#logo\"},\"mainEntityOfPage\":{\"@id\":\"https:\/\/www.schuh-germann.de\/blog\/schuhtrends-2017\/#webpage\"}},{\"@type\":\"WebSite\",\"@id\":\"https:\/\/www.schuh-germann.de\/blog\/#website\",\"url\":\"https:\/\/www.schuh-germann.de\/blog\/\",\"name\":\"Fashion &amp; Lifestyle\",\"description\":\"SHOE ! STYLES\",\"publisher\":{\"@id\":\"https:\/\/www.schuh-germann.de\/blog\/#organization\"},\"potentialAction\":[{\"@type\":\"SearchAction\",\"target\":{\"@type\":\"EntryPoint\",\"urlTemplate\":\"https:\/\/www.schuh-germann.de\/blog\/?s={search_term_string}\"},\"query-input\":\"required name=search_term_string\"}],\"inLanguage\":\"de-DE\"},{\"@type\":\"ImageObject\",\"@id\":\"https:\/\/www.schuh-germann.de\/blog\/schuhtrends-2017\/#primaryimage\",\"inLanguage\":\"de-DE\",\"url\":\"https:\/\/www.schuh-germann.de\/blog\/wp-content\/uploads\/2017\/03\/golden.jpg\",\"contentUrl\":\"https:\/\/www.schuh-germann.de\/blog\/wp-content\/uploads\/2017\/03\/golden.jpg\",\"width\":1900,\"height\":1267,\"caption\":\"Schuhtrends 2017\"},{\"@type\":\"WebPage\",\"@id\":\"https:\/\/www.schuh-germann.de\/blog\/schuhtrends-2017\/#webpage\",\"url\":\"https:\/\/www.schuh-germann.de\/blog\/schuhtrends-2017\/\",\"name\":\"Geschn\\u00fcrt, vergoldet und funkelnd: Die Schuhtrends 2017 - Fashion &amp; Lifestyle\",\"isPartOf\":{\"@id\":\"https:\/\/www.schuh-germann.de\/blog\/#website\"},\"primaryImageOfPage\":{\"@id\":\"https:\/\/www.schuh-germann.de\/blog\/schuhtrends-2017\/#primaryimage\"},\"datePublished\":\"2017-03-20T11:09:22+00:00\",\"dateModified\":\"2019-06-25T08:20:25+00:00\",\"description\":\"Geschn\\u00fcrt, vergoldet und funkelnd: Die Schuhtrends 2017. Was geh\\u00f6rt im Jahr 2017 an die trendbewussten F\\u00fc\\u00dfe? Ihre Schuh-Experten aus Pirmasens wissen es.\",\"breadcrumb\":{\"@id\":\"https:\/\/www.schuh-germann.de\/blog\/schuhtrends-2017\/#breadcrumb\"},\"inLanguage\":\"de-DE\",\"potentialAction\":[{\"@type\":\"ReadAction\",\"target\":[\"https:\/\/www.schuh-germann.de\/blog\/schuhtrends-2017\/\"]}]},{\"@type\":\"BreadcrumbList\",\"@id\":\"https:\/\/www.schuh-germann.de\/blog\/schuhtrends-2017\/#breadcrumb\",\"itemListElement\":[{\"@type\":\"ListItem\",\"position\":1,\"name\":\"Startseite\",\"item\":\"https:\/\/www.schuh-germann.de\/blog\/\"},{\"@type\":\"ListItem\",\"position\":2,\"name\":\"Geschn\\u00fcrt, vergoldet und funkelnd: Die Schuhtrends 2017\"}]},{\"@type\":[\"Article\",\"NewsArticle\"],\"@id\":\"https:\/\/www.schuh-germann.de\/blog\/schuhtrends-2017\/#article\",\"isPartOf\":{\"@id\":\"https:\/\/www.schuh-germann.de\/blog\/schuhtrends-2017\/#webpage\"},\"author\":{\"@id\":\"https:\/\/www.schuh-germann.de\/blog\/#\/schema\/person\/2c78ced8e35f47c19279a3a2f98da03b\"},\"headline\":\"Geschn\\u00fcrt, vergoldet und funkelnd: Die Schuhtrends 2017\",\"datePublished\":\"2017-03-20T11:09:22+00:00\",\"dateModified\":\"2019-06-25T08:20:25+00:00\",\"mainEntityOfPage\":{\"@id\":\"https:\/\/www.schuh-germann.de\/blog\/schuhtrends-2017\/#webpage\"},\"wordCount\":413,\"commentCount\":0,\"publisher\":{\"@id\":\"https:\/\/www.schuh-germann.de\/blog\/#organization\"},\"image\":{\"@id\":\"https:\/\/www.schuh-germann.de\/blog\/schuhtrends-2017\/#primaryimage\"},\"thumbnailUrl\":\"https:\/\/www.schuh-germann.de\/blog\/wp-content\/uploads\/2017\/03\/golden.jpg\",\"keywords\":[\"Funkelnd\",\"Geschn\\u00fcrt\",\"Vergoldet\"],\"articleSection\":[\"Style Highlights\"],\"inLanguage\":\"de-DE\",\"potentialAction\":[{\"@type\":\"CommentAction\",\"name\":\"Comment\",\"target\":[\"https:\/\/www.schuh-germann.de\/blog\/schuhtrends-2017\/#respond\"]}],\"copyrightYear\":\"2017\",\"copyrightHolder\":{\"@id\":\"https:\/\/www.schuh-germann.de\/blog\/#organization\"}},{\"@type\":\"Person\",\"@id\":\"https:\/\/www.schuh-germann.de\/blog\/#\/schema\/person\/2c78ced8e35f47c19279a3a2f98da03b\",\"name\":\"Schuh Germann\",\"image\":{\"@type\":\"ImageObject\",\"@id\":\"https:\/\/www.schuh-germann.de\/blog\/#personlogo\",\"inLanguage\":\"de-DE\",\"url\":\"https:\/\/secure.gravatar.com\/avatar\/d76d226f119bb70e9f5333d1910df36f?s=96&d=mm&r=g\",\"contentUrl\":\"https:\/\/secure.gravatar.com\/avatar\/d76d226f119bb70e9f5333d1910df36f?s=96&d=mm&r=g\",\"caption\":\"Schuh Germann\"},\"sameAs\":[\"https:\/\/www.schuh-germann.de\/\"],\"url\":\"https:\/\/www.schuh-germann.de\/blog\/author\/schuh-germann\/\"}]}<\/script>\n<!-- \/ Yoast SEO Premium plugin. -->","yoast_head_json":{"description":"Geschn\u00fcrt, vergoldet und funkelnd: Die Schuhtrends 2017. Was geh\u00f6rt im Jahr 2017 an die trendbewussten F\u00fc\u00dfe? Ihre Schuh-Experten aus Pirmasens wissen es.","robots":{"index":"index","follow":"follow","max-snippet":"max-snippet:-1","max-image-preview":"max-image-preview:large","max-video-preview":"max-video-preview:-1"},"canonical":"https:\/\/www.schuh-germann.de\/blog\/schuhtrends-2017\/","og_locale":"de_DE","og_type":"article","og_title":"Geschn\u00fcrt, vergoldet und funkelnd: Die Schuhtrends 2017 - Fashion &amp; Lifestyle","og_description":"Geschn\u00fcrt, vergoldet und funkelnd: Die Schuhtrends 2017. Was geh\u00f6rt im Jahr 2017 an die trendbewussten F\u00fc\u00dfe? Ihre Schuh-Experten aus Pirmasens wissen es.","og_url":"https:\/\/www.schuh-germann.de\/blog\/schuhtrends-2017\/","og_site_name":"Fashion &amp; Lifestyle","article_publisher":"https:\/\/www.facebook.com\/schuh.germann\/","article_published_time":"2017-03-20T11:09:22+00:00","article_modified_time":"2019-06-25T08:20:25+00:00","og_image":[{"width":1900,"height":1267,"url":"https:\/\/www.schuh-germann.de\/blog\/wp-content\/uploads\/2017\/03\/golden.jpg","path":"\/var\/www\/html\/blog\/wp-content\/uploads\/2017\/03\/golden.jpg","size":"full","id":235,"alt":"Schuhtrends 2017","pixels":2407300,"type":"image\/jpeg"}],"twitter_card":"summary","twitter_description":"Geschn\u00fcrt, vergoldet und funkelnd: Die Schuhtrends 2017. Was geh\u00f6rt im Jahr 2017 an die trendbewussten F\u00fc\u00dfe?","twitter_misc":{"Verfasst von":"Schuh Germann","Gesch\u00e4tzte Lesezeit":"2 Minuten"},"schema":{"@context":"https:\/\/schema.org","@graph":[{"@type":["Organization","Place"],"@id":"https:\/\/www.schuh-germann.de\/blog\/#organization","name":"Schuh Germann GmbH","url":"https:\/\/www.schuh-germann.de\/blog\/","sameAs":["https:\/\/www.facebook.com\/schuh.germann\/","https:\/\/www.instagram.com\/schuhgermann\/"],"logo":{"@type":"ImageObject","@id":"https:\/\/www.schuh-germann.de\/blog\/#logo","inLanguage":"de-DE","url":"https:\/\/www.schuh-germann.de\/blog\/wp-content\/uploads\/2017\/03\/germann_logo_rot.png","contentUrl":"https:\/\/www.schuh-germann.de\/blog\/wp-content\/uploads\/2017\/03\/germann_logo_rot.png","width":460,"height":189,"caption":"Schuh Germann GmbH"},"image":{"@id":"https:\/\/www.schuh-germann.de\/blog\/#logo"},"mainEntityOfPage":{"@id":"https:\/\/www.schuh-germann.de\/blog\/schuhtrends-2017\/#webpage"}},{"@type":"WebSite","@id":"https:\/\/www.schuh-germann.de\/blog\/#website","url":"https:\/\/www.schuh-germann.de\/blog\/","name":"Fashion &amp; Lifestyle","description":"SHOE ! STYLES","publisher":{"@id":"https:\/\/www.schuh-germann.de\/blog\/#organization"},"potentialAction":[{"@type":"SearchAction","target":{"@type":"EntryPoint","urlTemplate":"https:\/\/www.schuh-germann.de\/blog\/?s={search_term_string}"},"query-input":"required name=search_term_string"}],"inLanguage":"de-DE"},{"@type":"ImageObject","@id":"https:\/\/www.schuh-germann.de\/blog\/schuhtrends-2017\/#primaryimage","inLanguage":"de-DE","url":"https:\/\/www.schuh-germann.de\/blog\/wp-content\/uploads\/2017\/03\/golden.jpg","contentUrl":"https:\/\/www.schuh-germann.de\/blog\/wp-content\/uploads\/2017\/03\/golden.jpg","width":1900,"height":1267,"caption":"Schuhtrends 2017"},{"@type":"WebPage","@id":"https:\/\/www.schuh-germann.de\/blog\/schuhtrends-2017\/#webpage","url":"https:\/\/www.schuh-germann.de\/blog\/schuhtrends-2017\/","name":"Geschn\u00fcrt, vergoldet und funkelnd: Die Schuhtrends 2017 - Fashion &amp; Lifestyle","isPartOf":{"@id":"https:\/\/www.schuh-germann.de\/blog\/#website"},"primaryImageOfPage":{"@id":"https:\/\/www.schuh-germann.de\/blog\/schuhtrends-2017\/#primaryimage"},"datePublished":"2017-03-20T11:09:22+00:00","dateModified":"2019-06-25T08:20:25+00:00","description":"Geschn\u00fcrt, vergoldet und funkelnd: Die Schuhtrends 2017. Was geh\u00f6rt im Jahr 2017 an die trendbewussten F\u00fc\u00dfe? Ihre Schuh-Experten aus Pirmasens wissen es.","breadcrumb":{"@id":"https:\/\/www.schuh-germann.de\/blog\/schuhtrends-2017\/#breadcrumb"},"inLanguage":"de-DE","potentialAction":[{"@type":"ReadAction","target":["https:\/\/www.schuh-germann.de\/blog\/schuhtrends-2017\/"]}]},{"@type":"BreadcrumbList","@id":"https:\/\/www.schuh-germann.de\/blog\/schuhtrends-2017\/#breadcrumb","itemListElement":[{"@type":"ListItem","position":1,"name":"Startseite","item":"https:\/\/www.schuh-germann.de\/blog\/"},{"@type":"ListItem","position":2,"name":"Geschn\u00fcrt, vergoldet und funkelnd: Die Schuhtrends 2017"}]},{"@type":["Article","NewsArticle"],"@id":"https:\/\/www.schuh-germann.de\/blog\/schuhtrends-2017\/#article","isPartOf":{"@id":"https:\/\/www.schuh-germann.de\/blog\/schuhtrends-2017\/#webpage"},"author":{"@id":"https:\/\/www.schuh-germann.de\/blog\/#\/schema\/person\/2c78ced8e35f47c19279a3a2f98da03b"},"headline":"Geschn\u00fcrt, vergoldet und funkelnd: Die Schuhtrends 2017","datePublished":"2017-03-20T11:09:22+00:00","dateModified":"2019-06-25T08:20:25+00:00","mainEntityOfPage":{"@id":"https:\/\/www.schuh-germann.de\/blog\/schuhtrends-2017\/#webpage"},"wordCount":413,"commentCount":0,"publisher":{"@id":"https:\/\/www.schuh-germann.de\/blog\/#organization"},"image":{"@id":"https:\/\/www.schuh-germann.de\/blog\/schuhtrends-2017\/#primaryimage"},"thumbnailUrl":"https:\/\/www.schuh-germann.de\/blog\/wp-content\/uploads\/2017\/03\/golden.jpg","keywords":["Funkelnd","Geschn\u00fcrt","Vergoldet"],"articleSection":["Style Highlights"],"inLanguage":"de-DE","potentialAction":[{"@type":"CommentAction","name":"Comment","target":["https:\/\/www.schuh-germann.de\/blog\/schuhtrends-2017\/#respond"]}],"copyrightYear":"2017","copyrightHolder":{"@id":"https:\/\/www.schuh-germann.de\/blog\/#organization"}},{"@type":"Person","@id":"https:\/\/www.schuh-germann.de\/blog\/#\/schema\/person\/2c78ced8e35f47c19279a3a2f98da03b","name":"Schuh Germann","image":{"@type":"ImageObject","@id":"https:\/\/www.schuh-germann.de\/blog\/#personlogo","inLanguage":"de-DE","url":"https:\/\/secure.gravatar.com\/avatar\/d76d226f119bb70e9f5333d1910df36f?s=96&d=mm&r=g","contentUrl":"https:\/\/secure.gravatar.com\/avatar\/d76d226f119bb70e9f5333d1910df36f?s=96&d=mm&r=g","caption":"Schuh Germann"},"sameAs":["https:\/\/www.schuh-germann.de\/"],"url":"https:\/\/www.schuh-germann.de\/blog\/author\/schuh-germann\/"}]}},"_links":{"self":[{"href":"https:\/\/www.schuh-germann.de\/blog\/wp-json\/wp\/v2\/posts\/94"}],"collection":[{"href":"https:\/\/www.schuh-germann.de\/blog\/wp-json\/wp\/v2\/posts"}],"about":[{"href":"https:\/\/www.schuh-germann.de\/blog\/wp-json\/wp\/v2\/types\/post"}],"author":[{"embeddable":true,"href":"https:\/\/www.schuh-germann.de\/blog\/wp-json\/wp\/v2\/users\/2"}],"replies":[{"embeddable":true,"href":"https:\/\/www.schuh-germann.de\/blog\/wp-json\/wp\/v2\/comments?post=94"}],"version-history":[{"count":3,"href":"https:\/\/www.schuh-germann.de\/blog\/wp-json\/wp\/v2\/posts\/94\/revisions"}],"predecessor-version":[{"id":163,"href":"https:\/\/www.schuh-germann.de\/blog\/wp-json\/wp\/v2\/posts\/94\/revisions\/163"}],"wp:featuredmedia":[{"embeddable":true,"href":"https:\/\/www.schuh-germann.de\/blog\/wp-json\/wp\/v2\/media\/235"}],"wp:attachment":[{"href":"https:\/\/www.schuh-germann.de\/blog\/wp-json\/wp\/v2\/media?parent=94"}],"wp:term":[{"taxonomy":"category","embeddable":true,"href":"https:\/\/www.schuh-germann.de\/blog\/wp-json\/wp\/v2\/categories?post=94"},{"taxonomy":"post_tag","embeddable":true,"href":"https:\/\/www.schuh-germann.de\/blog\/wp-json\/wp\/v2\/tags?post=94"}],"curies":[{"name":"wp","href":"https:\/\/api.w.org\/{rel}","templated":true}]}}