{"id":2603,"date":"2025-01-03T14:41:52","date_gmt":"2025-01-03T13:41:52","guid":{"rendered":"https:\/\/www.schuh-germann.de\/blog\/?p=2603"},"modified":"2025-01-03T14:42:11","modified_gmt":"2025-01-03T13:42:11","slug":"egal-ob-es-stuermt-oder-schneit","status":"publish","type":"post","link":"https:\/\/www.schuh-germann.de\/blog\/egal-ob-es-stuermt-oder-schneit\/","title":{"rendered":"Egal ob es st\u00fcrmt oder schneit&#8230;"},"content":{"rendered":"\n<p><\/p>\n\n\n\n<h3><strong>Mit Tex-Schuhen wird jedes Wetter zum Kinderspiel.<\/strong><\/h3>\r\n<p>Die Schuhe mit den vielseitigen Features setzen sich immer perfekt in Szene. Durch die atmungsaktive Oberfl\u00e4che, die sowohl mit Leder als auch Textil kombiniert sein kann, bekommen junge F\u00fc\u00dfe ein prima Schuhklima mit auf den Weg.<\/p>\r\n<p>Tex-Schuhe gibt es in ganz unterschiedlichen Formen. Als Stiefel sch\u00fctzen Kinderschuhe mit Tex-Technologie im Winter zuverl\u00e4ssig vor Frost und N\u00e4sse. Sie halten Kinderf\u00fc\u00dfe warm, sind wasserdicht oder wasserabweisend und gleichzeitig sehen sie gro\u00dfartig aus. <br \/>Das Material sollte m\u00f6glichst atmungsaktiv sein, ansonsten hat man schnell schwitzende Muffelf\u00fc\u00dfe.<\/p>\r\n<p>\n\n\n\n<\/p>\r\n<p>\n\n\n\n<\/p>\r\n<p>\n\n\n\n<\/p>\r\n<p><strong><img loading=\"lazy\" class=\"alignnone wp-image-2827 \" src=\"https:\/\/www.schuh-germann.de\/blog\/wp-content\/uploads\/2024\/12\/kids3_s-3-300x213.jpg\" alt=\"\" width=\"638\" height=\"453\" srcset=\"https:\/\/www.schuh-germann.de\/blog\/wp-content\/uploads\/2024\/12\/kids3_s-3-300x213.jpg 300w, https:\/\/www.schuh-germann.de\/blog\/wp-content\/uploads\/2024\/12\/kids3_s-3-1024x727.jpg 1024w, https:\/\/www.schuh-germann.de\/blog\/wp-content\/uploads\/2024\/12\/kids3_s-3-768x545.jpg 768w, https:\/\/www.schuh-germann.de\/blog\/wp-content\/uploads\/2024\/12\/kids3_s-3-592x420.jpg 592w, https:\/\/www.schuh-germann.de\/blog\/wp-content\/uploads\/2024\/12\/kids3_s-3-640x454.jpg 640w, https:\/\/www.schuh-germann.de\/blog\/wp-content\/uploads\/2024\/12\/kids3_s-3-681x483.jpg 681w, https:\/\/www.schuh-germann.de\/blog\/wp-content\/uploads\/2024\/12\/kids3_s-3.jpg 1179w\" sizes=\"(max-width: 638px) 100vw, 638px\" \/><\/strong><\/p>\r\n<p><strong>In Schuhen mit TEX-Ausstattung bleiben Kinderf\u00fc\u00dfe selbst bei Matsch und Regenwetter trocken und warm.<\/strong><\/p>\r\n<p>\n\n\n\n<\/p>\r\n<p>\n\n\n\n<\/p>\r\n<p><strong>So funktioniert die TEX Membrane in Winterstiefeln:<\/strong><br \/>Die TEX-Membran ist eine ultrad\u00fcnne Schicht zwischen dem Au\u00dfenmaterial eines Schuhs und dem Leder- oder Wollfutter im Schuh. Die TEX-Membran ist von au\u00dfen wasserabweisend, erlaubt aber der Feuchtigkeit vom Fu\u00df nach drau\u00dfen zu gelangen.<\/p>\r\n<p>\n\n\n\n<\/p>\r\n<p>\n\n\n\n<\/p>\r\n<p>\n\n\n\n<\/p>\r\n<p><img loading=\"lazy\" class=\"alignnone wp-image-2822 \" src=\"https:\/\/www.schuh-germann.de\/blog\/wp-content\/uploads\/2024\/12\/kids2_s-1-300x254.jpg\" alt=\"\" width=\"635\" height=\"538\" srcset=\"https:\/\/www.schuh-germann.de\/blog\/wp-content\/uploads\/2024\/12\/kids2_s-1-300x254.jpg 300w, https:\/\/www.schuh-germann.de\/blog\/wp-content\/uploads\/2024\/12\/kids2_s-1-1024x869.jpg 1024w, https:\/\/www.schuh-germann.de\/blog\/wp-content\/uploads\/2024\/12\/kids2_s-1-768x651.jpg 768w, https:\/\/www.schuh-germann.de\/blog\/wp-content\/uploads\/2024\/12\/kids2_s-1-495x420.jpg 495w, https:\/\/www.schuh-germann.de\/blog\/wp-content\/uploads\/2024\/12\/kids2_s-1-640x543.jpg 640w, https:\/\/www.schuh-germann.de\/blog\/wp-content\/uploads\/2024\/12\/kids2_s-1-681x578.jpg 681w, https:\/\/www.schuh-germann.de\/blog\/wp-content\/uploads\/2024\/12\/kids2_s-1.jpg 1179w\" sizes=\"(max-width: 635px) 100vw, 635px\" \/><\/p>\r\n<p>Die aktiven Begleiter sind in jedem erdenklichen Terrain einsatzf\u00e4hig, vom Schulhof bis zur Familienwanderung. Dabei haben alle Schuhe eins gemeinsam: sie sch\u00fctzen Kinderf\u00fc\u00dfe perfekt vor N\u00e4sse und K\u00e4lte.<\/p>\r\n<p><br \/>Alle die hier gezeigten Modelle und viele mehr,<br \/>findet ihr wie immer in unserem Online-Shop: <br \/><strong>www.schuh-germann.de<\/strong><\/p>\r\n<p>Viel Spa\u00df dort drau\u00dfen!<\/p>\r\n<p>\n\n\n<p><\/p>","protected":false},"excerpt":{"rendered":"<p>Mit Tex-Schuhen wird jedes Wetter zum Kinderspiel. Die Schuhe mit den vielseitigen Features setzen sich immer perfekt in Szene. Durch die atmungsaktive Oberfl\u00e4che, die sowohl mit Leder als auch Textil kombiniert sein kann, bekommen junge F\u00fc\u00dfe ein prima Schuhklima mit auf den Weg. Tex-Schuhe gibt es in ganz unterschiedlichen Formen. Als Stiefel sch\u00fctzen Kinderschuhe mit [&hellip;]<\/p>\n","protected":false},"author":6,"featured_media":2820,"comment_status":"open","ping_status":"open","sticky":false,"template":"","format":"standard","meta":[],"categories":[1,14],"tags":[],"yoast_head":"<!-- This site is optimized with the Yoast SEO Premium plugin v16.1 (Yoast SEO v16.8) - https:\/\/yoast.com\/wordpress\/plugins\/seo\/ -->\n<meta name=\"robots\" content=\"index, follow, max-snippet:-1, max-image-preview:large, max-video-preview:-1\" \/>\n<link rel=\"canonical\" href=\"https:\/\/www.schuh-germann.de\/blog\/egal-ob-es-stuermt-oder-schneit\/\" \/>\n<meta property=\"og:locale\" content=\"de_DE\" \/>\n<meta property=\"og:type\" content=\"article\" \/>\n<meta property=\"og:title\" content=\"Egal ob es st\u00fcrmt oder schneit... - Fashion &amp; Lifestyle\" \/>\n<meta property=\"og:description\" content=\"Mit Tex-Schuhen wird jedes Wetter zum Kinderspiel. Die Schuhe mit den vielseitigen Features setzen sich immer perfekt in Szene. Durch die atmungsaktive Oberfl\u00e4che, die sowohl mit Leder als auch Textil kombiniert sein kann, bekommen junge F\u00fc\u00dfe ein prima Schuhklima mit auf den Weg. Tex-Schuhe gibt es in ganz unterschiedlichen Formen. Als Stiefel sch\u00fctzen Kinderschuhe mit [&hellip;]\" \/>\n<meta property=\"og:url\" content=\"https:\/\/www.schuh-germann.de\/blog\/egal-ob-es-stuermt-oder-schneit\/\" \/>\n<meta property=\"og:site_name\" content=\"Fashion &amp; Lifestyle\" \/>\n<meta property=\"article:publisher\" content=\"https:\/\/www.facebook.com\/schuh.germann\/\" \/>\n<meta property=\"article:published_time\" content=\"2025-01-03T13:41:52+00:00\" \/>\n<meta property=\"article:modified_time\" content=\"2025-01-03T13:42:11+00:00\" \/>\n<meta property=\"og:image\" content=\"https:\/\/www.schuh-germann.de\/blog\/wp-content\/uploads\/2024\/12\/kids1_s-1.jpg\" \/>\n\t<meta property=\"og:image:width\" content=\"1179\" \/>\n\t<meta property=\"og:image:height\" content=\"1000\" \/>\n<meta name=\"twitter:card\" content=\"summary\" \/>\n<meta name=\"twitter:label1\" content=\"Verfasst von\" \/>\n\t<meta name=\"twitter:data1\" content=\"Bettina &amp; Silke\" \/>\n\t<meta name=\"twitter:label2\" content=\"Gesch\u00e4tzte Lesezeit\" \/>\n\t<meta name=\"twitter:data2\" content=\"2 Minuten\" \/>\n<script type=\"application\/ld+json\" class=\"yoast-schema-graph\">{\"@context\":\"https:\/\/schema.org\",\"@graph\":[{\"@type\":[\"Organization\",\"Place\"],\"@id\":\"https:\/\/www.schuh-germann.de\/blog\/#organization\",\"name\":\"Schuh Germann GmbH\",\"url\":\"https:\/\/www.schuh-germann.de\/blog\/\",\"sameAs\":[\"https:\/\/www.facebook.com\/schuh.germann\/\",\"https:\/\/www.instagram.com\/schuhgermann\/\"],\"logo\":{\"@type\":\"ImageObject\",\"@id\":\"https:\/\/www.schuh-germann.de\/blog\/#logo\",\"inLanguage\":\"de-DE\",\"url\":\"https:\/\/www.schuh-germann.de\/blog\/wp-content\/uploads\/2017\/03\/germann_logo_rot.png\",\"contentUrl\":\"https:\/\/www.schuh-germann.de\/blog\/wp-content\/uploads\/2017\/03\/germann_logo_rot.png\",\"width\":460,\"height\":189,\"caption\":\"Schuh Germann GmbH\"},\"image\":{\"@id\":\"https:\/\/www.schuh-germann.de\/blog\/#logo\"},\"mainEntityOfPage\":{\"@id\":\"https:\/\/www.schuh-germann.de\/blog\/egal-ob-es-stuermt-oder-schneit\/#webpage\"}},{\"@type\":\"WebSite\",\"@id\":\"https:\/\/www.schuh-germann.de\/blog\/#website\",\"url\":\"https:\/\/www.schuh-germann.de\/blog\/\",\"name\":\"Fashion &amp; Lifestyle\",\"description\":\"SHOE ! STYLES\",\"publisher\":{\"@id\":\"https:\/\/www.schuh-germann.de\/blog\/#organization\"},\"potentialAction\":[{\"@type\":\"SearchAction\",\"target\":{\"@type\":\"EntryPoint\",\"urlTemplate\":\"https:\/\/www.schuh-germann.de\/blog\/?s={search_term_string}\"},\"query-input\":\"required name=search_term_string\"}],\"inLanguage\":\"de-DE\"},{\"@type\":\"ImageObject\",\"@id\":\"https:\/\/www.schuh-germann.de\/blog\/egal-ob-es-stuermt-oder-schneit\/#primaryimage\",\"inLanguage\":\"de-DE\",\"url\":\"https:\/\/www.schuh-germann.de\/blog\/wp-content\/uploads\/2024\/12\/kids1_s-1.jpg\",\"contentUrl\":\"https:\/\/www.schuh-germann.de\/blog\/wp-content\/uploads\/2024\/12\/kids1_s-1.jpg\",\"width\":1179,\"height\":1000},{\"@type\":\"WebPage\",\"@id\":\"https:\/\/www.schuh-germann.de\/blog\/egal-ob-es-stuermt-oder-schneit\/#webpage\",\"url\":\"https:\/\/www.schuh-germann.de\/blog\/egal-ob-es-stuermt-oder-schneit\/\",\"name\":\"Egal ob es st\\u00fcrmt oder schneit... - Fashion &amp; Lifestyle\",\"isPartOf\":{\"@id\":\"https:\/\/www.schuh-germann.de\/blog\/#website\"},\"primaryImageOfPage\":{\"@id\":\"https:\/\/www.schuh-germann.de\/blog\/egal-ob-es-stuermt-oder-schneit\/#primaryimage\"},\"datePublished\":\"2025-01-03T13:41:52+00:00\",\"dateModified\":\"2025-01-03T13:42:11+00:00\",\"breadcrumb\":{\"@id\":\"https:\/\/www.schuh-germann.de\/blog\/egal-ob-es-stuermt-oder-schneit\/#breadcrumb\"},\"inLanguage\":\"de-DE\",\"potentialAction\":[{\"@type\":\"ReadAction\",\"target\":[\"https:\/\/www.schuh-germann.de\/blog\/egal-ob-es-stuermt-oder-schneit\/\"]}]},{\"@type\":\"BreadcrumbList\",\"@id\":\"https:\/\/www.schuh-germann.de\/blog\/egal-ob-es-stuermt-oder-schneit\/#breadcrumb\",\"itemListElement\":[{\"@type\":\"ListItem\",\"position\":1,\"name\":\"Startseite\",\"item\":\"https:\/\/www.schuh-germann.de\/blog\/\"},{\"@type\":\"ListItem\",\"position\":2,\"name\":\"Egal ob es st\\u00fcrmt oder schneit&#8230;\"}]},{\"@type\":[\"Article\",\"NewsArticle\"],\"@id\":\"https:\/\/www.schuh-germann.de\/blog\/egal-ob-es-stuermt-oder-schneit\/#article\",\"isPartOf\":{\"@id\":\"https:\/\/www.schuh-germann.de\/blog\/egal-ob-es-stuermt-oder-schneit\/#webpage\"},\"author\":{\"@id\":\"https:\/\/www.schuh-germann.de\/blog\/#\/schema\/person\/d743edb61a6b16afe95a8e786fb78a98\"},\"headline\":\"Egal ob es st\\u00fcrmt oder schneit&#8230;\",\"datePublished\":\"2025-01-03T13:41:52+00:00\",\"dateModified\":\"2025-01-03T13:42:11+00:00\",\"mainEntityOfPage\":{\"@id\":\"https:\/\/www.schuh-germann.de\/blog\/egal-ob-es-stuermt-oder-schneit\/#webpage\"},\"wordCount\":221,\"commentCount\":0,\"publisher\":{\"@id\":\"https:\/\/www.schuh-germann.de\/blog\/#organization\"},\"image\":{\"@id\":\"https:\/\/www.schuh-germann.de\/blog\/egal-ob-es-stuermt-oder-schneit\/#primaryimage\"},\"thumbnailUrl\":\"https:\/\/www.schuh-germann.de\/blog\/wp-content\/uploads\/2024\/12\/kids1_s-1.jpg\",\"articleSection\":{\"1\":\"Kinderschuhe\"},\"inLanguage\":\"de-DE\",\"potentialAction\":[{\"@type\":\"CommentAction\",\"name\":\"Comment\",\"target\":[\"https:\/\/www.schuh-germann.de\/blog\/egal-ob-es-stuermt-oder-schneit\/#respond\"]}],\"copyrightYear\":\"2025\",\"copyrightHolder\":{\"@id\":\"https:\/\/www.schuh-germann.de\/blog\/#organization\"}},{\"@type\":\"Person\",\"@id\":\"https:\/\/www.schuh-germann.de\/blog\/#\/schema\/person\/d743edb61a6b16afe95a8e786fb78a98\",\"name\":\"Bettina &amp; Silke\",\"image\":{\"@type\":\"ImageObject\",\"@id\":\"https:\/\/www.schuh-germann.de\/blog\/#personlogo\",\"inLanguage\":\"de-DE\",\"url\":\"https:\/\/secure.gravatar.com\/avatar\/adb8a3ab9d03df5d064750b71f39594a?s=96&d=mm&r=g\",\"contentUrl\":\"https:\/\/secure.gravatar.com\/avatar\/adb8a3ab9d03df5d064750b71f39594a?s=96&d=mm&r=g\",\"caption\":\"Bettina &amp; Silke\"},\"url\":\"https:\/\/www.schuh-germann.de\/blog\/author\/claudia\/\"}]}<\/script>\n<!-- \/ Yoast SEO Premium plugin. -->","yoast_head_json":{"robots":{"index":"index","follow":"follow","max-snippet":"max-snippet:-1","max-image-preview":"max-image-preview:large","max-video-preview":"max-video-preview:-1"},"canonical":"https:\/\/www.schuh-germann.de\/blog\/egal-ob-es-stuermt-oder-schneit\/","og_locale":"de_DE","og_type":"article","og_title":"Egal ob es st\u00fcrmt oder schneit... - Fashion &amp; Lifestyle","og_description":"Mit Tex-Schuhen wird jedes Wetter zum Kinderspiel. Die Schuhe mit den vielseitigen Features setzen sich immer perfekt in Szene. Durch die atmungsaktive Oberfl\u00e4che, die sowohl mit Leder als auch Textil kombiniert sein kann, bekommen junge F\u00fc\u00dfe ein prima Schuhklima mit auf den Weg. Tex-Schuhe gibt es in ganz unterschiedlichen Formen. Als Stiefel sch\u00fctzen Kinderschuhe mit [&hellip;]","og_url":"https:\/\/www.schuh-germann.de\/blog\/egal-ob-es-stuermt-oder-schneit\/","og_site_name":"Fashion &amp; Lifestyle","article_publisher":"https:\/\/www.facebook.com\/schuh.germann\/","article_published_time":"2025-01-03T13:41:52+00:00","article_modified_time":"2025-01-03T13:42:11+00:00","og_image":[{"width":1179,"height":1000,"url":"https:\/\/www.schuh-germann.de\/blog\/wp-content\/uploads\/2024\/12\/kids1_s-1.jpg","path":"\/srv\/public\/blog\/wp-content\/uploads\/2024\/12\/kids1_s-1.jpg","size":"full","id":2820,"alt":"","pixels":1179000,"type":"image\/jpeg"}],"twitter_card":"summary","twitter_misc":{"Verfasst von":"Bettina &amp; Silke","Gesch\u00e4tzte Lesezeit":"2 Minuten"},"schema":{"@context":"https:\/\/schema.org","@graph":[{"@type":["Organization","Place"],"@id":"https:\/\/www.schuh-germann.de\/blog\/#organization","name":"Schuh Germann GmbH","url":"https:\/\/www.schuh-germann.de\/blog\/","sameAs":["https:\/\/www.facebook.com\/schuh.germann\/","https:\/\/www.instagram.com\/schuhgermann\/"],"logo":{"@type":"ImageObject","@id":"https:\/\/www.schuh-germann.de\/blog\/#logo","inLanguage":"de-DE","url":"https:\/\/www.schuh-germann.de\/blog\/wp-content\/uploads\/2017\/03\/germann_logo_rot.png","contentUrl":"https:\/\/www.schuh-germann.de\/blog\/wp-content\/uploads\/2017\/03\/germann_logo_rot.png","width":460,"height":189,"caption":"Schuh Germann GmbH"},"image":{"@id":"https:\/\/www.schuh-germann.de\/blog\/#logo"},"mainEntityOfPage":{"@id":"https:\/\/www.schuh-germann.de\/blog\/egal-ob-es-stuermt-oder-schneit\/#webpage"}},{"@type":"WebSite","@id":"https:\/\/www.schuh-germann.de\/blog\/#website","url":"https:\/\/www.schuh-germann.de\/blog\/","name":"Fashion &amp; Lifestyle","description":"SHOE ! STYLES","publisher":{"@id":"https:\/\/www.schuh-germann.de\/blog\/#organization"},"potentialAction":[{"@type":"SearchAction","target":{"@type":"EntryPoint","urlTemplate":"https:\/\/www.schuh-germann.de\/blog\/?s={search_term_string}"},"query-input":"required name=search_term_string"}],"inLanguage":"de-DE"},{"@type":"ImageObject","@id":"https:\/\/www.schuh-germann.de\/blog\/egal-ob-es-stuermt-oder-schneit\/#primaryimage","inLanguage":"de-DE","url":"https:\/\/www.schuh-germann.de\/blog\/wp-content\/uploads\/2024\/12\/kids1_s-1.jpg","contentUrl":"https:\/\/www.schuh-germann.de\/blog\/wp-content\/uploads\/2024\/12\/kids1_s-1.jpg","width":1179,"height":1000},{"@type":"WebPage","@id":"https:\/\/www.schuh-germann.de\/blog\/egal-ob-es-stuermt-oder-schneit\/#webpage","url":"https:\/\/www.schuh-germann.de\/blog\/egal-ob-es-stuermt-oder-schneit\/","name":"Egal ob es st\u00fcrmt oder schneit... - Fashion &amp; Lifestyle","isPartOf":{"@id":"https:\/\/www.schuh-germann.de\/blog\/#website"},"primaryImageOfPage":{"@id":"https:\/\/www.schuh-germann.de\/blog\/egal-ob-es-stuermt-oder-schneit\/#primaryimage"},"datePublished":"2025-01-03T13:41:52+00:00","dateModified":"2025-01-03T13:42:11+00:00","breadcrumb":{"@id":"https:\/\/www.schuh-germann.de\/blog\/egal-ob-es-stuermt-oder-schneit\/#breadcrumb"},"inLanguage":"de-DE","potentialAction":[{"@type":"ReadAction","target":["https:\/\/www.schuh-germann.de\/blog\/egal-ob-es-stuermt-oder-schneit\/"]}]},{"@type":"BreadcrumbList","@id":"https:\/\/www.schuh-germann.de\/blog\/egal-ob-es-stuermt-oder-schneit\/#breadcrumb","itemListElement":[{"@type":"ListItem","position":1,"name":"Startseite","item":"https:\/\/www.schuh-germann.de\/blog\/"},{"@type":"ListItem","position":2,"name":"Egal ob es st\u00fcrmt oder schneit&#8230;"}]},{"@type":["Article","NewsArticle"],"@id":"https:\/\/www.schuh-germann.de\/blog\/egal-ob-es-stuermt-oder-schneit\/#article","isPartOf":{"@id":"https:\/\/www.schuh-germann.de\/blog\/egal-ob-es-stuermt-oder-schneit\/#webpage"},"author":{"@id":"https:\/\/www.schuh-germann.de\/blog\/#\/schema\/person\/d743edb61a6b16afe95a8e786fb78a98"},"headline":"Egal ob es st\u00fcrmt oder schneit&#8230;","datePublished":"2025-01-03T13:41:52+00:00","dateModified":"2025-01-03T13:42:11+00:00","mainEntityOfPage":{"@id":"https:\/\/www.schuh-germann.de\/blog\/egal-ob-es-stuermt-oder-schneit\/#webpage"},"wordCount":221,"commentCount":0,"publisher":{"@id":"https:\/\/www.schuh-germann.de\/blog\/#organization"},"image":{"@id":"https:\/\/www.schuh-germann.de\/blog\/egal-ob-es-stuermt-oder-schneit\/#primaryimage"},"thumbnailUrl":"https:\/\/www.schuh-germann.de\/blog\/wp-content\/uploads\/2024\/12\/kids1_s-1.jpg","articleSection":{"1":"Kinderschuhe"},"inLanguage":"de-DE","potentialAction":[{"@type":"CommentAction","name":"Comment","target":["https:\/\/www.schuh-germann.de\/blog\/egal-ob-es-stuermt-oder-schneit\/#respond"]}],"copyrightYear":"2025","copyrightHolder":{"@id":"https:\/\/www.schuh-germann.de\/blog\/#organization"}},{"@type":"Person","@id":"https:\/\/www.schuh-germann.de\/blog\/#\/schema\/person\/d743edb61a6b16afe95a8e786fb78a98","name":"Bettina &amp; Silke","image":{"@type":"ImageObject","@id":"https:\/\/www.schuh-germann.de\/blog\/#personlogo","inLanguage":"de-DE","url":"https:\/\/secure.gravatar.com\/avatar\/adb8a3ab9d03df5d064750b71f39594a?s=96&d=mm&r=g","contentUrl":"https:\/\/secure.gravatar.com\/avatar\/adb8a3ab9d03df5d064750b71f39594a?s=96&d=mm&r=g","caption":"Bettina &amp; Silke"},"url":"https:\/\/www.schuh-germann.de\/blog\/author\/claudia\/"}]}},"_links":{"self":[{"href":"https:\/\/www.schuh-germann.de\/blog\/wp-json\/wp\/v2\/posts\/2603"}],"collection":[{"href":"https:\/\/www.schuh-germann.de\/blog\/wp-json\/wp\/v2\/posts"}],"about":[{"href":"https:\/\/www.schuh-germann.de\/blog\/wp-json\/wp\/v2\/types\/post"}],"author":[{"embeddable":true,"href":"https:\/\/www.schuh-germann.de\/blog\/wp-json\/wp\/v2\/users\/6"}],"replies":[{"embeddable":true,"href":"https:\/\/www.schuh-germann.de\/blog\/wp-json\/wp\/v2\/comments?post=2603"}],"version-history":[{"count":38,"href":"https:\/\/www.schuh-germann.de\/blog\/wp-json\/wp\/v2\/posts\/2603\/revisions"}],"predecessor-version":[{"id":2830,"href":"https:\/\/www.schuh-germann.de\/blog\/wp-json\/wp\/v2\/posts\/2603\/revisions\/2830"}],"wp:featuredmedia":[{"embeddable":true,"href":"https:\/\/www.schuh-germann.de\/blog\/wp-json\/wp\/v2\/media\/2820"}],"wp:attachment":[{"href":"https:\/\/www.schuh-germann.de\/blog\/wp-json\/wp\/v2\/media?parent=2603"}],"wp:term":[{"taxonomy":"category","embeddable":true,"href":"https:\/\/www.schuh-germann.de\/blog\/wp-json\/wp\/v2\/categories?post=2603"},{"taxonomy":"post_tag","embeddable":true,"href":"https:\/\/www.schuh-germann.de\/blog\/wp-json\/wp\/v2\/tags?post=2603"}],"curies":[{"name":"wp","href":"https:\/\/api.w.org\/{rel}","templated":true}]}}