{"id":2533,"date":"2023-09-04T11:00:52","date_gmt":"2023-09-04T09:00:52","guid":{"rendered":"https:\/\/www.schuh-germann.de\/blog\/?p=2533"},"modified":"2023-09-04T11:00:52","modified_gmt":"2023-09-04T09:00:52","slug":"zeit-fuer-coole-sneaker","status":"publish","type":"post","link":"https:\/\/www.schuh-germann.de\/blog\/zeit-fuer-coole-sneaker\/","title":{"rendered":"Zeit f\u00fcr coole Sneaker!"},"content":{"rendered":"\r\n<p>Der Sommer geht zu Ende &#8230; die Tage werden schon k\u00fcrzer.<br \/>Jetzt kommt wieder die Zeit f\u00fcr Sneaker.<\/p>\r\n\r\n\r\n\r\n<p>Wir tragen sie fast t\u00e4glich. <br \/>In unserem Schuhschrank stehen sie in verschiedenen Farben und Styles.<br \/>Sie sind bequem und alltagstauglich &#8211; im B\u00fcro oder auf der Party.<br \/>Heute sind Sneaker nicht mehr wegzudenken. Egal ob in der Freizeit oder im Job.<br \/>In coolen Farben, mit sch\u00f6nen Details und in hochwertiger Qualit\u00e4t, geben sie deinem Outfit ein gutes St\u00fcck L\u00e4ssigkeit!<\/p>\r\n\r\n\r\n\r\n<h5><img loading=\"lazy\" class=\"wp-image-2550 alignleft\" src=\"https:\/\/www.schuh-germann.de\/blog\/wp-content\/uploads\/2023\/09\/neu-Gabor-300x218.jpg\" alt=\"\" width=\"294\" height=\"214\" srcset=\"https:\/\/www.schuh-germann.de\/blog\/wp-content\/uploads\/2023\/09\/neu-Gabor-300x218.jpg 300w, https:\/\/www.schuh-germann.de\/blog\/wp-content\/uploads\/2023\/09\/neu-Gabor-1024x745.jpg 1024w, https:\/\/www.schuh-germann.de\/blog\/wp-content\/uploads\/2023\/09\/neu-Gabor-768x559.jpg 768w, https:\/\/www.schuh-germann.de\/blog\/wp-content\/uploads\/2023\/09\/neu-Gabor-577x420.jpg 577w, https:\/\/www.schuh-germann.de\/blog\/wp-content\/uploads\/2023\/09\/neu-Gabor-640x466.jpg 640w, https:\/\/www.schuh-germann.de\/blog\/wp-content\/uploads\/2023\/09\/neu-Gabor-681x496.jpg 681w, https:\/\/www.schuh-germann.de\/blog\/wp-content\/uploads\/2023\/09\/neu-Gabor.jpg 1208w\" sizes=\"(max-width: 294px) 100vw, 294px\" \/><\/h5>\r\n<h5><img loading=\"lazy\" class=\"wp-image-2551 alignleft\" src=\"https:\/\/www.schuh-germann.de\/blog\/wp-content\/uploads\/2023\/09\/neu-MarcoPolo-1-300x218.jpg\" alt=\"\" width=\"294\" height=\"214\" srcset=\"https:\/\/www.schuh-germann.de\/blog\/wp-content\/uploads\/2023\/09\/neu-MarcoPolo-1-300x218.jpg 300w, https:\/\/www.schuh-germann.de\/blog\/wp-content\/uploads\/2023\/09\/neu-MarcoPolo-1-1024x745.jpg 1024w, https:\/\/www.schuh-germann.de\/blog\/wp-content\/uploads\/2023\/09\/neu-MarcoPolo-1-768x559.jpg 768w, https:\/\/www.schuh-germann.de\/blog\/wp-content\/uploads\/2023\/09\/neu-MarcoPolo-1-577x420.jpg 577w, https:\/\/www.schuh-germann.de\/blog\/wp-content\/uploads\/2023\/09\/neu-MarcoPolo-1-640x466.jpg 640w, https:\/\/www.schuh-germann.de\/blog\/wp-content\/uploads\/2023\/09\/neu-MarcoPolo-1-681x496.jpg 681w, https:\/\/www.schuh-germann.de\/blog\/wp-content\/uploads\/2023\/09\/neu-MarcoPolo-1.jpg 1208w\" sizes=\"(max-width: 294px) 100vw, 294px\" \/><\/h5>\r\n<h5>\u00a0<\/h5>\r\n<h5>\u00a0<\/h5>\r\n<h5>\u00a0<\/h5>\r\n<h5>\u00a0<\/h5>\r\n<p>&nbsp;<\/p>\r\n<p>&nbsp;<\/p>\r\n<h5>Wisst Ihr, woher der Name &#8222;Sneaker&#8220; kommt?<\/h5>\r\n\r\n\r\n\r\n<p>Der Begriff Sneaker kommt aus dem Englischen &#8222;to sneak&#8220;, zu Deutsch &#8222;schleichen&#8220; und soll von Henry Nelson McKinney, einem US-Werbefachmann, gepr\u00e4gt worden sein. Die typischen Gummisohlen waren so leise, dass man sich an jemanden heranschleichen konnte ohne bemerkt zu werden.<br \/>Denn au\u00dfer Mokassins hatten bis dahin alle Schuhe bedingt durch die Ledersohlen einen lauten Auftritt.<br \/>(Quelle: Wikipedia)<span style=\"font-size: inherit;\">\u00a0<br \/><\/span><\/p>\r\n<h5><img loading=\"lazy\" class=\"wp-image-2543 alignleft\" src=\"https:\/\/www.schuh-germann.de\/blog\/wp-content\/uploads\/2023\/09\/BKs-300x218.jpg\" alt=\"\" width=\"294\" height=\"214\" srcset=\"https:\/\/www.schuh-germann.de\/blog\/wp-content\/uploads\/2023\/09\/BKs-300x218.jpg 300w, https:\/\/www.schuh-germann.de\/blog\/wp-content\/uploads\/2023\/09\/BKs-1024x745.jpg 1024w, https:\/\/www.schuh-germann.de\/blog\/wp-content\/uploads\/2023\/09\/BKs-768x559.jpg 768w, https:\/\/www.schuh-germann.de\/blog\/wp-content\/uploads\/2023\/09\/BKs-577x420.jpg 577w, https:\/\/www.schuh-germann.de\/blog\/wp-content\/uploads\/2023\/09\/BKs-640x466.jpg 640w, https:\/\/www.schuh-germann.de\/blog\/wp-content\/uploads\/2023\/09\/BKs-681x496.jpg 681w, https:\/\/www.schuh-germann.de\/blog\/wp-content\/uploads\/2023\/09\/BKs.jpg 1208w\" sizes=\"(max-width: 294px) 100vw, 294px\" \/><img loading=\"lazy\" class=\"wp-image-2546 alignright\" src=\"https:\/\/www.schuh-germann.de\/blog\/wp-content\/uploads\/2023\/09\/Skechers-1-300x218.jpg\" alt=\"\" width=\"294\" height=\"214\" srcset=\"https:\/\/www.schuh-germann.de\/blog\/wp-content\/uploads\/2023\/09\/Skechers-1-300x218.jpg 300w, https:\/\/www.schuh-germann.de\/blog\/wp-content\/uploads\/2023\/09\/Skechers-1-1024x745.jpg 1024w, https:\/\/www.schuh-germann.de\/blog\/wp-content\/uploads\/2023\/09\/Skechers-1-768x559.jpg 768w, https:\/\/www.schuh-germann.de\/blog\/wp-content\/uploads\/2023\/09\/Skechers-1-577x420.jpg 577w, https:\/\/www.schuh-germann.de\/blog\/wp-content\/uploads\/2023\/09\/Skechers-1-640x466.jpg 640w, https:\/\/www.schuh-germann.de\/blog\/wp-content\/uploads\/2023\/09\/Skechers-1-681x496.jpg 681w, https:\/\/www.schuh-germann.de\/blog\/wp-content\/uploads\/2023\/09\/Skechers-1.jpg 1208w\" sizes=\"(max-width: 294px) 100vw, 294px\" \/><\/h5>\r\n<h5>\u00a0<\/h5>\r\n<h5>\u00a0<\/h5>\r\n<h5><br \/><br \/><br \/><br \/><br \/><br \/>Was kommt, was bleibt.<\/h5>\r\n\r\n\r\n\r\n<p>Der September bringt sicher noch ein paar sonnige und sch\u00f6ne Tage; aber das Wetter liefert uns schon einen Vorgeschmack auf den Herbst und damit auch einen Wandel in unserer Garderobe.<br \/>Wei\u00dfe oder beige Sneaker werden nat\u00fcrlich immer die Klassiker bleiben &#8211; passen sie doch einfach zu fast allem.<br \/>Der Trend des Sommers &#8211; Sneaker mit klobigen Sohlen &#8211; wird abgel\u00f6st durch etwas schlankere, schmalere Formen.<br \/>Zu minimalistischen, einfarbigen Outfits, setzen bunte Modelle einen Farbklecks und zeigen Ihre Individualit\u00e4t.<\/p>\r\n\r\n\r\n\r\n<p>&nbsp;<\/p>\r\n\r\n\r\n\r\n<p><img loading=\"lazy\" class=\"alignnone  wp-image-2552\" src=\"https:\/\/www.schuh-germann.de\/blog\/wp-content\/uploads\/2023\/09\/Madden-300x89.jpg\" alt=\"\" width=\"630\" height=\"187\" srcset=\"https:\/\/www.schuh-germann.de\/blog\/wp-content\/uploads\/2023\/09\/Madden-300x89.jpg 300w, https:\/\/www.schuh-germann.de\/blog\/wp-content\/uploads\/2023\/09\/Madden-1024x304.jpg 1024w, https:\/\/www.schuh-germann.de\/blog\/wp-content\/uploads\/2023\/09\/Madden-768x228.jpg 768w, https:\/\/www.schuh-germann.de\/blog\/wp-content\/uploads\/2023\/09\/Madden-1536x457.jpg 1536w, https:\/\/www.schuh-germann.de\/blog\/wp-content\/uploads\/2023\/09\/Madden-1413x420.jpg 1413w, https:\/\/www.schuh-germann.de\/blog\/wp-content\/uploads\/2023\/09\/Madden-640x190.jpg 640w, https:\/\/www.schuh-germann.de\/blog\/wp-content\/uploads\/2023\/09\/Madden-681x202.jpg 681w, https:\/\/www.schuh-germann.de\/blog\/wp-content\/uploads\/2023\/09\/Madden.jpg 1843w\" sizes=\"(max-width: 630px) 100vw, 630px\" \/><\/p>\r\n<p>Wir haben den Style, der zu dir passt. <br \/>Deine neuen Lieblingssneaker!<\/p>\r\n<p>\r\n\r\n<\/p>\r\n<p>Viel Spa\u00df beim St\u00f6bern unter<br \/><a href=\"http:\/\/www.schuh-germann.de\">www.schuh-germann.de<\/a><\/p>\r\n<p><\/p>\r\n<p>&nbsp;<\/p>\r\n<p>&nbsp;<\/p>","protected":false},"excerpt":{"rendered":"<p>Der Sommer geht zu Ende &#8230; die Tage werden schon k\u00fcrzer.Jetzt kommt wieder die Zeit f\u00fcr Sneaker. Wir tragen sie fast t\u00e4glich. In unserem Schuhschrank stehen sie in verschiedenen Farben und Styles.Sie sind bequem und alltagstauglich &#8211; im B\u00fcro oder auf der Party.Heute sind Sneaker nicht mehr wegzudenken. Egal ob in der Freizeit oder im [&hellip;]<\/p>\n","protected":false},"author":6,"featured_media":2557,"comment_status":"open","ping_status":"open","sticky":false,"template":"","format":"standard","meta":[],"categories":[1],"tags":[228],"yoast_head":"<!-- This site is optimized with the Yoast SEO Premium plugin v16.1 (Yoast SEO v16.8) - https:\/\/yoast.com\/wordpress\/plugins\/seo\/ -->\n<meta name=\"robots\" content=\"index, follow, max-snippet:-1, max-image-preview:large, max-video-preview:-1\" \/>\n<link rel=\"canonical\" href=\"https:\/\/www.schuh-germann.de\/blog\/zeit-fuer-coole-sneaker\/\" \/>\n<meta property=\"og:locale\" content=\"de_DE\" \/>\n<meta property=\"og:type\" content=\"article\" \/>\n<meta property=\"og:title\" content=\"Zeit f\u00fcr coole Sneaker! - Fashion &amp; Lifestyle\" \/>\n<meta property=\"og:description\" content=\"Der Sommer geht zu Ende &#8230; die Tage werden schon k\u00fcrzer.Jetzt kommt wieder die Zeit f\u00fcr Sneaker. Wir tragen sie fast t\u00e4glich. In unserem Schuhschrank stehen sie in verschiedenen Farben und Styles.Sie sind bequem und alltagstauglich &#8211; im B\u00fcro oder auf der Party.Heute sind Sneaker nicht mehr wegzudenken. Egal ob in der Freizeit oder im [&hellip;]\" \/>\n<meta property=\"og:url\" content=\"https:\/\/www.schuh-germann.de\/blog\/zeit-fuer-coole-sneaker\/\" \/>\n<meta property=\"og:site_name\" content=\"Fashion &amp; Lifestyle\" \/>\n<meta property=\"article:publisher\" content=\"https:\/\/www.facebook.com\/schuh.germann\/\" \/>\n<meta property=\"article:published_time\" content=\"2023-09-04T09:00:52+00:00\" \/>\n<meta property=\"og:image\" content=\"https:\/\/www.schuh-germann.de\/blog\/wp-content\/uploads\/2023\/09\/Titelbild.jpg\" \/>\n\t<meta property=\"og:image:width\" content=\"1000\" \/>\n\t<meta property=\"og:image:height\" content=\"484\" \/>\n<meta name=\"twitter:card\" content=\"summary\" \/>\n<meta name=\"twitter:label1\" content=\"Verfasst von\" \/>\n\t<meta name=\"twitter:data1\" content=\"Bettina &amp; Silke\" \/>\n\t<meta name=\"twitter:label2\" content=\"Gesch\u00e4tzte Lesezeit\" \/>\n\t<meta name=\"twitter:data2\" content=\"3 Minuten\" \/>\n<script type=\"application\/ld+json\" class=\"yoast-schema-graph\">{\"@context\":\"https:\/\/schema.org\",\"@graph\":[{\"@type\":[\"Organization\",\"Place\"],\"@id\":\"https:\/\/www.schuh-germann.de\/blog\/#organization\",\"name\":\"Schuh Germann GmbH\",\"url\":\"https:\/\/www.schuh-germann.de\/blog\/\",\"sameAs\":[\"https:\/\/www.facebook.com\/schuh.germann\/\",\"https:\/\/www.instagram.com\/schuhgermann\/\"],\"logo\":{\"@type\":\"ImageObject\",\"@id\":\"https:\/\/www.schuh-germann.de\/blog\/#logo\",\"inLanguage\":\"de-DE\",\"url\":\"https:\/\/www.schuh-germann.de\/blog\/wp-content\/uploads\/2017\/03\/germann_logo_rot.png\",\"contentUrl\":\"https:\/\/www.schuh-germann.de\/blog\/wp-content\/uploads\/2017\/03\/germann_logo_rot.png\",\"width\":460,\"height\":189,\"caption\":\"Schuh Germann GmbH\"},\"image\":{\"@id\":\"https:\/\/www.schuh-germann.de\/blog\/#logo\"},\"mainEntityOfPage\":{\"@id\":\"https:\/\/www.schuh-germann.de\/blog\/zeit-fuer-coole-sneaker\/#webpage\"}},{\"@type\":\"WebSite\",\"@id\":\"https:\/\/www.schuh-germann.de\/blog\/#website\",\"url\":\"https:\/\/www.schuh-germann.de\/blog\/\",\"name\":\"Fashion &amp; Lifestyle\",\"description\":\"SHOE ! STYLES\",\"publisher\":{\"@id\":\"https:\/\/www.schuh-germann.de\/blog\/#organization\"},\"potentialAction\":[{\"@type\":\"SearchAction\",\"target\":{\"@type\":\"EntryPoint\",\"urlTemplate\":\"https:\/\/www.schuh-germann.de\/blog\/?s={search_term_string}\"},\"query-input\":\"required name=search_term_string\"}],\"inLanguage\":\"de-DE\"},{\"@type\":\"ImageObject\",\"@id\":\"https:\/\/www.schuh-germann.de\/blog\/zeit-fuer-coole-sneaker\/#primaryimage\",\"inLanguage\":\"de-DE\",\"url\":\"https:\/\/www.schuh-germann.de\/blog\/wp-content\/uploads\/2023\/09\/Titelbild.jpg\",\"contentUrl\":\"https:\/\/www.schuh-germann.de\/blog\/wp-content\/uploads\/2023\/09\/Titelbild.jpg\",\"width\":1000,\"height\":484},{\"@type\":\"WebPage\",\"@id\":\"https:\/\/www.schuh-germann.de\/blog\/zeit-fuer-coole-sneaker\/#webpage\",\"url\":\"https:\/\/www.schuh-germann.de\/blog\/zeit-fuer-coole-sneaker\/\",\"name\":\"Zeit f\\u00fcr coole Sneaker! - Fashion &amp; Lifestyle\",\"isPartOf\":{\"@id\":\"https:\/\/www.schuh-germann.de\/blog\/#website\"},\"primaryImageOfPage\":{\"@id\":\"https:\/\/www.schuh-germann.de\/blog\/zeit-fuer-coole-sneaker\/#primaryimage\"},\"datePublished\":\"2023-09-04T09:00:52+00:00\",\"dateModified\":\"2023-09-04T09:00:52+00:00\",\"breadcrumb\":{\"@id\":\"https:\/\/www.schuh-germann.de\/blog\/zeit-fuer-coole-sneaker\/#breadcrumb\"},\"inLanguage\":\"de-DE\",\"potentialAction\":[{\"@type\":\"ReadAction\",\"target\":[\"https:\/\/www.schuh-germann.de\/blog\/zeit-fuer-coole-sneaker\/\"]}]},{\"@type\":\"BreadcrumbList\",\"@id\":\"https:\/\/www.schuh-germann.de\/blog\/zeit-fuer-coole-sneaker\/#breadcrumb\",\"itemListElement\":[{\"@type\":\"ListItem\",\"position\":1,\"name\":\"Startseite\",\"item\":\"https:\/\/www.schuh-germann.de\/blog\/\"},{\"@type\":\"ListItem\",\"position\":2,\"name\":\"Zeit f\\u00fcr coole Sneaker!\"}]},{\"@type\":[\"Article\",\"NewsArticle\"],\"@id\":\"https:\/\/www.schuh-germann.de\/blog\/zeit-fuer-coole-sneaker\/#article\",\"isPartOf\":{\"@id\":\"https:\/\/www.schuh-germann.de\/blog\/zeit-fuer-coole-sneaker\/#webpage\"},\"author\":{\"@id\":\"https:\/\/www.schuh-germann.de\/blog\/#\/schema\/person\/d743edb61a6b16afe95a8e786fb78a98\"},\"headline\":\"Zeit f\\u00fcr coole Sneaker!\",\"datePublished\":\"2023-09-04T09:00:52+00:00\",\"dateModified\":\"2023-09-04T09:00:52+00:00\",\"mainEntityOfPage\":{\"@id\":\"https:\/\/www.schuh-germann.de\/blog\/zeit-fuer-coole-sneaker\/#webpage\"},\"wordCount\":266,\"commentCount\":0,\"publisher\":{\"@id\":\"https:\/\/www.schuh-germann.de\/blog\/#organization\"},\"image\":{\"@id\":\"https:\/\/www.schuh-germann.de\/blog\/zeit-fuer-coole-sneaker\/#primaryimage\"},\"thumbnailUrl\":\"https:\/\/www.schuh-germann.de\/blog\/wp-content\/uploads\/2023\/09\/Titelbild.jpg\",\"keywords\":[\"sneaker\"],\"inLanguage\":\"de-DE\",\"potentialAction\":[{\"@type\":\"CommentAction\",\"name\":\"Comment\",\"target\":[\"https:\/\/www.schuh-germann.de\/blog\/zeit-fuer-coole-sneaker\/#respond\"]}],\"copyrightYear\":\"2023\",\"copyrightHolder\":{\"@id\":\"https:\/\/www.schuh-germann.de\/blog\/#organization\"}},{\"@type\":\"Person\",\"@id\":\"https:\/\/www.schuh-germann.de\/blog\/#\/schema\/person\/d743edb61a6b16afe95a8e786fb78a98\",\"name\":\"Bettina &amp; Silke\",\"image\":{\"@type\":\"ImageObject\",\"@id\":\"https:\/\/www.schuh-germann.de\/blog\/#personlogo\",\"inLanguage\":\"de-DE\",\"url\":\"https:\/\/secure.gravatar.com\/avatar\/adb8a3ab9d03df5d064750b71f39594a?s=96&d=mm&r=g\",\"contentUrl\":\"https:\/\/secure.gravatar.com\/avatar\/adb8a3ab9d03df5d064750b71f39594a?s=96&d=mm&r=g\",\"caption\":\"Bettina &amp; Silke\"},\"url\":\"https:\/\/www.schuh-germann.de\/blog\/author\/claudia\/\"}]}<\/script>\n<!-- \/ Yoast SEO Premium plugin. -->","yoast_head_json":{"robots":{"index":"index","follow":"follow","max-snippet":"max-snippet:-1","max-image-preview":"max-image-preview:large","max-video-preview":"max-video-preview:-1"},"canonical":"https:\/\/www.schuh-germann.de\/blog\/zeit-fuer-coole-sneaker\/","og_locale":"de_DE","og_type":"article","og_title":"Zeit f\u00fcr coole Sneaker! - Fashion &amp; Lifestyle","og_description":"Der Sommer geht zu Ende &#8230; die Tage werden schon k\u00fcrzer.Jetzt kommt wieder die Zeit f\u00fcr Sneaker. Wir tragen sie fast t\u00e4glich. In unserem Schuhschrank stehen sie in verschiedenen Farben und Styles.Sie sind bequem und alltagstauglich &#8211; im B\u00fcro oder auf der Party.Heute sind Sneaker nicht mehr wegzudenken. Egal ob in der Freizeit oder im [&hellip;]","og_url":"https:\/\/www.schuh-germann.de\/blog\/zeit-fuer-coole-sneaker\/","og_site_name":"Fashion &amp; Lifestyle","article_publisher":"https:\/\/www.facebook.com\/schuh.germann\/","article_published_time":"2023-09-04T09:00:52+00:00","og_image":[{"width":1000,"height":484,"url":"https:\/\/www.schuh-germann.de\/blog\/wp-content\/uploads\/2023\/09\/Titelbild.jpg","path":"\/var\/www\/html\/blog\/wp-content\/uploads\/2023\/09\/Titelbild.jpg","size":"full","id":2557,"alt":"","pixels":484000,"type":"image\/jpeg"}],"twitter_card":"summary","twitter_misc":{"Verfasst von":"Bettina &amp; Silke","Gesch\u00e4tzte Lesezeit":"3 Minuten"},"schema":{"@context":"https:\/\/schema.org","@graph":[{"@type":["Organization","Place"],"@id":"https:\/\/www.schuh-germann.de\/blog\/#organization","name":"Schuh Germann GmbH","url":"https:\/\/www.schuh-germann.de\/blog\/","sameAs":["https:\/\/www.facebook.com\/schuh.germann\/","https:\/\/www.instagram.com\/schuhgermann\/"],"logo":{"@type":"ImageObject","@id":"https:\/\/www.schuh-germann.de\/blog\/#logo","inLanguage":"de-DE","url":"https:\/\/www.schuh-germann.de\/blog\/wp-content\/uploads\/2017\/03\/germann_logo_rot.png","contentUrl":"https:\/\/www.schuh-germann.de\/blog\/wp-content\/uploads\/2017\/03\/germann_logo_rot.png","width":460,"height":189,"caption":"Schuh Germann GmbH"},"image":{"@id":"https:\/\/www.schuh-germann.de\/blog\/#logo"},"mainEntityOfPage":{"@id":"https:\/\/www.schuh-germann.de\/blog\/zeit-fuer-coole-sneaker\/#webpage"}},{"@type":"WebSite","@id":"https:\/\/www.schuh-germann.de\/blog\/#website","url":"https:\/\/www.schuh-germann.de\/blog\/","name":"Fashion &amp; Lifestyle","description":"SHOE ! STYLES","publisher":{"@id":"https:\/\/www.schuh-germann.de\/blog\/#organization"},"potentialAction":[{"@type":"SearchAction","target":{"@type":"EntryPoint","urlTemplate":"https:\/\/www.schuh-germann.de\/blog\/?s={search_term_string}"},"query-input":"required name=search_term_string"}],"inLanguage":"de-DE"},{"@type":"ImageObject","@id":"https:\/\/www.schuh-germann.de\/blog\/zeit-fuer-coole-sneaker\/#primaryimage","inLanguage":"de-DE","url":"https:\/\/www.schuh-germann.de\/blog\/wp-content\/uploads\/2023\/09\/Titelbild.jpg","contentUrl":"https:\/\/www.schuh-germann.de\/blog\/wp-content\/uploads\/2023\/09\/Titelbild.jpg","width":1000,"height":484},{"@type":"WebPage","@id":"https:\/\/www.schuh-germann.de\/blog\/zeit-fuer-coole-sneaker\/#webpage","url":"https:\/\/www.schuh-germann.de\/blog\/zeit-fuer-coole-sneaker\/","name":"Zeit f\u00fcr coole Sneaker! - Fashion &amp; Lifestyle","isPartOf":{"@id":"https:\/\/www.schuh-germann.de\/blog\/#website"},"primaryImageOfPage":{"@id":"https:\/\/www.schuh-germann.de\/blog\/zeit-fuer-coole-sneaker\/#primaryimage"},"datePublished":"2023-09-04T09:00:52+00:00","dateModified":"2023-09-04T09:00:52+00:00","breadcrumb":{"@id":"https:\/\/www.schuh-germann.de\/blog\/zeit-fuer-coole-sneaker\/#breadcrumb"},"inLanguage":"de-DE","potentialAction":[{"@type":"ReadAction","target":["https:\/\/www.schuh-germann.de\/blog\/zeit-fuer-coole-sneaker\/"]}]},{"@type":"BreadcrumbList","@id":"https:\/\/www.schuh-germann.de\/blog\/zeit-fuer-coole-sneaker\/#breadcrumb","itemListElement":[{"@type":"ListItem","position":1,"name":"Startseite","item":"https:\/\/www.schuh-germann.de\/blog\/"},{"@type":"ListItem","position":2,"name":"Zeit f\u00fcr coole Sneaker!"}]},{"@type":["Article","NewsArticle"],"@id":"https:\/\/www.schuh-germann.de\/blog\/zeit-fuer-coole-sneaker\/#article","isPartOf":{"@id":"https:\/\/www.schuh-germann.de\/blog\/zeit-fuer-coole-sneaker\/#webpage"},"author":{"@id":"https:\/\/www.schuh-germann.de\/blog\/#\/schema\/person\/d743edb61a6b16afe95a8e786fb78a98"},"headline":"Zeit f\u00fcr coole Sneaker!","datePublished":"2023-09-04T09:00:52+00:00","dateModified":"2023-09-04T09:00:52+00:00","mainEntityOfPage":{"@id":"https:\/\/www.schuh-germann.de\/blog\/zeit-fuer-coole-sneaker\/#webpage"},"wordCount":266,"commentCount":0,"publisher":{"@id":"https:\/\/www.schuh-germann.de\/blog\/#organization"},"image":{"@id":"https:\/\/www.schuh-germann.de\/blog\/zeit-fuer-coole-sneaker\/#primaryimage"},"thumbnailUrl":"https:\/\/www.schuh-germann.de\/blog\/wp-content\/uploads\/2023\/09\/Titelbild.jpg","keywords":["sneaker"],"inLanguage":"de-DE","potentialAction":[{"@type":"CommentAction","name":"Comment","target":["https:\/\/www.schuh-germann.de\/blog\/zeit-fuer-coole-sneaker\/#respond"]}],"copyrightYear":"2023","copyrightHolder":{"@id":"https:\/\/www.schuh-germann.de\/blog\/#organization"}},{"@type":"Person","@id":"https:\/\/www.schuh-germann.de\/blog\/#\/schema\/person\/d743edb61a6b16afe95a8e786fb78a98","name":"Bettina &amp; Silke","image":{"@type":"ImageObject","@id":"https:\/\/www.schuh-germann.de\/blog\/#personlogo","inLanguage":"de-DE","url":"https:\/\/secure.gravatar.com\/avatar\/adb8a3ab9d03df5d064750b71f39594a?s=96&d=mm&r=g","contentUrl":"https:\/\/secure.gravatar.com\/avatar\/adb8a3ab9d03df5d064750b71f39594a?s=96&d=mm&r=g","caption":"Bettina &amp; Silke"},"url":"https:\/\/www.schuh-germann.de\/blog\/author\/claudia\/"}]}},"_links":{"self":[{"href":"https:\/\/www.schuh-germann.de\/blog\/wp-json\/wp\/v2\/posts\/2533"}],"collection":[{"href":"https:\/\/www.schuh-germann.de\/blog\/wp-json\/wp\/v2\/posts"}],"about":[{"href":"https:\/\/www.schuh-germann.de\/blog\/wp-json\/wp\/v2\/types\/post"}],"author":[{"embeddable":true,"href":"https:\/\/www.schuh-germann.de\/blog\/wp-json\/wp\/v2\/users\/6"}],"replies":[{"embeddable":true,"href":"https:\/\/www.schuh-germann.de\/blog\/wp-json\/wp\/v2\/comments?post=2533"}],"version-history":[{"count":16,"href":"https:\/\/www.schuh-germann.de\/blog\/wp-json\/wp\/v2\/posts\/2533\/revisions"}],"predecessor-version":[{"id":2563,"href":"https:\/\/www.schuh-germann.de\/blog\/wp-json\/wp\/v2\/posts\/2533\/revisions\/2563"}],"wp:featuredmedia":[{"embeddable":true,"href":"https:\/\/www.schuh-germann.de\/blog\/wp-json\/wp\/v2\/media\/2557"}],"wp:attachment":[{"href":"https:\/\/www.schuh-germann.de\/blog\/wp-json\/wp\/v2\/media?parent=2533"}],"wp:term":[{"taxonomy":"category","embeddable":true,"href":"https:\/\/www.schuh-germann.de\/blog\/wp-json\/wp\/v2\/categories?post=2533"},{"taxonomy":"post_tag","embeddable":true,"href":"https:\/\/www.schuh-germann.de\/blog\/wp-json\/wp\/v2\/tags?post=2533"}],"curies":[{"name":"wp","href":"https:\/\/api.w.org\/{rel}","templated":true}]}}