{"id":2498,"date":"2023-07-21T09:44:19","date_gmt":"2023-07-21T07:44:19","guid":{"rendered":"https:\/\/www.schuh-germann.de\/blog\/?p=2498"},"modified":"2023-07-21T09:44:20","modified_gmt":"2023-07-21T07:44:20","slug":"der-tag-am-meer","status":"publish","type":"post","link":"https:\/\/www.schuh-germann.de\/blog\/der-tag-am-meer\/","title":{"rendered":"Der Tag am Meer"},"content":{"rendered":"<p><strong>Es gibt nichts zu verbessern<\/strong><br \/>\n<strong>Nichts was noch besser w\u00e4r\u2018<\/strong><br \/>\n<strong>Au\u00dfer dir im Jetzt und Hier<\/strong><br \/>\n<strong>Und dem Tag am Meer&#8230;<\/strong><\/p>\n<p>Es ist Sommer!! Im Idealfall bedeutet das Sonne, Strand und Meer.<br \/>\nEndlich wieder Sand unter den F\u00fc\u00dfen sp\u00fcren und dem Wellenrauschen lauschen&#8230;<br \/>\nVielleicht packst Du ja gerade die Urlaubskoffer oder planst ein Wochenende an der K\u00fcste.<br \/>\nGanz gleich ob Dein Reiseziel Nordsee, Atlantik oder Indischer Ozean hei\u00dft, du solltest das richtige Outfit dabei haben.<br \/>\nAu\u00dfer Sonnencreme, Bikini, Badetuch und Sonnenbrille, d\u00fcrfen vor allem die richtigen Schuhe und Accessoires nicht fehlen.<\/p>\n<p><strong>Zehentrenner-Sandalen f\u00fcr den Strand<\/strong><br \/>\nEndlich am Strand angekommen, kannst Du mit diesen Schuhen kn\u00f6cheltief im Sand versinken. Passend dazu ein l\u00e4ssiger Shopper f\u00fcr Badetuch und Sonnencreme. Die Sandalen sind genauso schnell ausgezogen wie Dein Sommerkleid und dem Spurt ins k\u00fchle Nass steht nichts mehr im Weg.<\/p>\n<p><a href=\"https:\/\/www.schuh-germann.de\/damen\/zehenschuhe\/\"><img loading=\"lazy\" class=\"alignnone wp-image-2504\" src=\"https:\/\/www.schuh-germann.de\/blog\/wp-content\/uploads\/2023\/07\/meer1-1-300x218.jpg\" alt=\"Zehentrenner und Accessoires\" width=\"639\" height=\"464\" srcset=\"https:\/\/www.schuh-germann.de\/blog\/wp-content\/uploads\/2023\/07\/meer1-1-300x218.jpg 300w, https:\/\/www.schuh-germann.de\/blog\/wp-content\/uploads\/2023\/07\/meer1-1-1024x745.jpg 1024w, https:\/\/www.schuh-germann.de\/blog\/wp-content\/uploads\/2023\/07\/meer1-1-768x559.jpg 768w, https:\/\/www.schuh-germann.de\/blog\/wp-content\/uploads\/2023\/07\/meer1-1-577x420.jpg 577w, https:\/\/www.schuh-germann.de\/blog\/wp-content\/uploads\/2023\/07\/meer1-1-640x466.jpg 640w, https:\/\/www.schuh-germann.de\/blog\/wp-content\/uploads\/2023\/07\/meer1-1-681x496.jpg 681w, https:\/\/www.schuh-germann.de\/blog\/wp-content\/uploads\/2023\/07\/meer1-1.jpg 1208w\" sizes=\"(max-width: 639px) 100vw, 639px\" \/><\/a><\/p>\n<p><strong>Pantoletten f\u00fcr die Beach-Bar<br \/>\n<\/strong>Auch der gr\u00f6\u00dfte Sonnenanbeter hat einmal Hunger. Wie w\u00e4re es mit leichtem Salat oder Gazpacho an der Beach-Bar? Das aber bitte nicht im Bikini. Eine sch\u00f6ne Tunika oder ein leichtes weites Sommerkleid \u00fcberwerfen, dazu schicke bequeme Pantoletten &#8211; fertig ist das Strandbar-Outfit.<\/p>\n<p><a href=\"https:\/\/www.schuh-germann.de\/damen\/pantoletten\/\" target=\"_blank\" rel=\"noopener\"><img loading=\"lazy\" class=\"alignnone wp-image-2505\" src=\"https:\/\/www.schuh-germann.de\/blog\/wp-content\/uploads\/2023\/07\/meer2-Kopie-300x218.jpg\" alt=\"Pantoletten und Accessoires\" width=\"656\" height=\"477\" srcset=\"https:\/\/www.schuh-germann.de\/blog\/wp-content\/uploads\/2023\/07\/meer2-Kopie-300x218.jpg 300w, https:\/\/www.schuh-germann.de\/blog\/wp-content\/uploads\/2023\/07\/meer2-Kopie-1024x745.jpg 1024w, https:\/\/www.schuh-germann.de\/blog\/wp-content\/uploads\/2023\/07\/meer2-Kopie-768x559.jpg 768w, https:\/\/www.schuh-germann.de\/blog\/wp-content\/uploads\/2023\/07\/meer2-Kopie-577x420.jpg 577w, https:\/\/www.schuh-germann.de\/blog\/wp-content\/uploads\/2023\/07\/meer2-Kopie-640x466.jpg 640w, https:\/\/www.schuh-germann.de\/blog\/wp-content\/uploads\/2023\/07\/meer2-Kopie-681x496.jpg 681w, https:\/\/www.schuh-germann.de\/blog\/wp-content\/uploads\/2023\/07\/meer2-Kopie.jpg 1208w\" sizes=\"(max-width: 656px) 100vw, 656px\" \/><\/a><\/p>\n<p><strong>Keil-Sandaletten f\u00fcr den Cocktail am Abend<br \/>\n<\/strong>Der sch\u00f6nste Strandtag neigt sich auch einmal dem Ende zu. Das Fisch-Restaurant am Hafen, der Club am Strand oder die Party mit Freunden laden Dich ein, den Abend mit allen Sinnen zu genie\u00dfen. Was tr\u00e4gt man auf sonnengebr\u00e4unter Haut? Ein sommerliches Maxikleid, einen leichten Jumpsuit oder einfach Shorts mit Top&#8230; dazu glitzernden Schmuck und ein Tuch im Haar.<br \/>\nDie perfekten Schuhe zu dem abendlichen Sommerlook sind Keil-Sandaletten oder Clogs. Herrlich bequem und superchic zu jedem Outfit.<\/p>\n<p><a href=\"https:\/\/www.schuh-germann.de\/damen\/sandaletten\/?p=2\"><img loading=\"lazy\" class=\"alignnone wp-image-2513\" src=\"https:\/\/www.schuh-germann.de\/blog\/wp-content\/uploads\/2023\/07\/meer3-300x218.jpg\" alt=\"Keilsandaletten, Clogs und Accessoires\" width=\"676\" height=\"491\" srcset=\"https:\/\/www.schuh-germann.de\/blog\/wp-content\/uploads\/2023\/07\/meer3-300x218.jpg 300w, https:\/\/www.schuh-germann.de\/blog\/wp-content\/uploads\/2023\/07\/meer3-1024x745.jpg 1024w, https:\/\/www.schuh-germann.de\/blog\/wp-content\/uploads\/2023\/07\/meer3-768x559.jpg 768w, https:\/\/www.schuh-germann.de\/blog\/wp-content\/uploads\/2023\/07\/meer3-577x420.jpg 577w, https:\/\/www.schuh-germann.de\/blog\/wp-content\/uploads\/2023\/07\/meer3-640x466.jpg 640w, https:\/\/www.schuh-germann.de\/blog\/wp-content\/uploads\/2023\/07\/meer3-681x496.jpg 681w, https:\/\/www.schuh-germann.de\/blog\/wp-content\/uploads\/2023\/07\/meer3.jpg 1208w\" sizes=\"(max-width: 676px) 100vw, 676px\" \/><\/a><\/p>\n<h4><strong>Wir w\u00fcnschen Euch einen unvergesslichen Tag am Meer!!<\/strong><\/h4>\n<p>Alle die hier gezeigten Modelle findet Ihr wie immer in unserem Online-Shop:)<br \/>\n<strong><span style=\"color: #cc1d1d;\"><a style=\"color: #cc1d1d;\" href=\"https:\/\/www.schuh-germann.de\/\">www.schuh-germann.de<\/a><\/span><\/strong><\/p>\n","protected":false},"excerpt":{"rendered":"<p>Es gibt nichts zu verbessern Nichts was noch besser w\u00e4r\u2018 Au\u00dfer dir im Jetzt und Hier Und dem Tag am Meer&#8230; Es ist Sommer!! Im Idealfall bedeutet das Sonne, Strand und Meer. Endlich wieder Sand unter den F\u00fc\u00dfen sp\u00fcren und dem Wellenrauschen lauschen&#8230; Vielleicht packst Du ja gerade die Urlaubskoffer oder planst ein Wochenende an [&hellip;]<\/p>\n","protected":false},"author":6,"featured_media":2522,"comment_status":"open","ping_status":"open","sticky":false,"template":"","format":"standard","meta":[],"categories":[1],"tags":[1445,1448,1402,1450,1449],"yoast_head":"<!-- This site is optimized with the Yoast SEO Premium plugin v16.1 (Yoast SEO v16.8) - https:\/\/yoast.com\/wordpress\/plugins\/seo\/ -->\n<meta name=\"description\" content=\"Au\u00dfer Sonnencreme, Bikini, Badetuch und Sonnenbrille, geh\u00f6ren die richtigen Schuhe und Accessoires ins Urlaubsgep\u00e4ck.\" \/>\n<meta name=\"robots\" content=\"index, follow, max-snippet:-1, max-image-preview:large, max-video-preview:-1\" \/>\n<link rel=\"canonical\" href=\"https:\/\/www.schuh-germann.de\/blog\/der-tag-am-meer\/\" \/>\n<meta property=\"og:locale\" content=\"de_DE\" \/>\n<meta property=\"og:type\" content=\"article\" \/>\n<meta property=\"og:title\" content=\"Der Tag am Meer - Fashion &amp; Lifestyle\" \/>\n<meta property=\"og:description\" content=\"Au\u00dfer Sonnencreme, Bikini, Badetuch und Sonnenbrille, geh\u00f6ren die richtigen Schuhe und Accessoires ins Urlaubsgep\u00e4ck.\" \/>\n<meta property=\"og:url\" content=\"https:\/\/www.schuh-germann.de\/blog\/der-tag-am-meer\/\" \/>\n<meta property=\"og:site_name\" content=\"Fashion &amp; Lifestyle\" \/>\n<meta property=\"article:publisher\" content=\"https:\/\/www.facebook.com\/schuh.germann\/\" \/>\n<meta property=\"article:published_time\" content=\"2023-07-21T07:44:19+00:00\" \/>\n<meta property=\"article:modified_time\" content=\"2023-07-21T07:44:20+00:00\" \/>\n<meta property=\"og:image\" content=\"https:\/\/www.schuh-germann.de\/blog\/wp-content\/uploads\/2023\/07\/header-2.jpg\" \/>\n\t<meta property=\"og:image:width\" content=\"1208\" \/>\n\t<meta property=\"og:image:height\" content=\"472\" \/>\n<meta name=\"twitter:card\" content=\"summary\" \/>\n<meta name=\"twitter:label1\" content=\"Verfasst von\" \/>\n\t<meta name=\"twitter:data1\" content=\"Bettina &amp; Silke\" \/>\n\t<meta name=\"twitter:label2\" content=\"Gesch\u00e4tzte Lesezeit\" \/>\n\t<meta name=\"twitter:data2\" content=\"2 Minuten\" \/>\n<script type=\"application\/ld+json\" class=\"yoast-schema-graph\">{\"@context\":\"https:\/\/schema.org\",\"@graph\":[{\"@type\":[\"Organization\",\"Place\"],\"@id\":\"https:\/\/www.schuh-germann.de\/blog\/#organization\",\"name\":\"Schuh Germann GmbH\",\"url\":\"https:\/\/www.schuh-germann.de\/blog\/\",\"sameAs\":[\"https:\/\/www.facebook.com\/schuh.germann\/\",\"https:\/\/www.instagram.com\/schuhgermann\/\"],\"logo\":{\"@type\":\"ImageObject\",\"@id\":\"https:\/\/www.schuh-germann.de\/blog\/#logo\",\"inLanguage\":\"de-DE\",\"url\":\"https:\/\/www.schuh-germann.de\/blog\/wp-content\/uploads\/2017\/03\/germann_logo_rot.png\",\"contentUrl\":\"https:\/\/www.schuh-germann.de\/blog\/wp-content\/uploads\/2017\/03\/germann_logo_rot.png\",\"width\":460,\"height\":189,\"caption\":\"Schuh Germann GmbH\"},\"image\":{\"@id\":\"https:\/\/www.schuh-germann.de\/blog\/#logo\"},\"mainEntityOfPage\":{\"@id\":\"https:\/\/www.schuh-germann.de\/blog\/der-tag-am-meer\/#webpage\"}},{\"@type\":\"WebSite\",\"@id\":\"https:\/\/www.schuh-germann.de\/blog\/#website\",\"url\":\"https:\/\/www.schuh-germann.de\/blog\/\",\"name\":\"Fashion &amp; Lifestyle\",\"description\":\"SHOE ! STYLES\",\"publisher\":{\"@id\":\"https:\/\/www.schuh-germann.de\/blog\/#organization\"},\"potentialAction\":[{\"@type\":\"SearchAction\",\"target\":{\"@type\":\"EntryPoint\",\"urlTemplate\":\"https:\/\/www.schuh-germann.de\/blog\/?s={search_term_string}\"},\"query-input\":\"required name=search_term_string\"}],\"inLanguage\":\"de-DE\"},{\"@type\":\"ImageObject\",\"@id\":\"https:\/\/www.schuh-germann.de\/blog\/der-tag-am-meer\/#primaryimage\",\"inLanguage\":\"de-DE\",\"url\":\"https:\/\/www.schuh-germann.de\/blog\/wp-content\/uploads\/2023\/07\/header-2.jpg\",\"contentUrl\":\"https:\/\/www.schuh-germann.de\/blog\/wp-content\/uploads\/2023\/07\/header-2.jpg\",\"width\":1208,\"height\":472},{\"@type\":\"WebPage\",\"@id\":\"https:\/\/www.schuh-germann.de\/blog\/der-tag-am-meer\/#webpage\",\"url\":\"https:\/\/www.schuh-germann.de\/blog\/der-tag-am-meer\/\",\"name\":\"Der Tag am Meer - Fashion &amp; Lifestyle\",\"isPartOf\":{\"@id\":\"https:\/\/www.schuh-germann.de\/blog\/#website\"},\"primaryImageOfPage\":{\"@id\":\"https:\/\/www.schuh-germann.de\/blog\/der-tag-am-meer\/#primaryimage\"},\"datePublished\":\"2023-07-21T07:44:19+00:00\",\"dateModified\":\"2023-07-21T07:44:20+00:00\",\"description\":\"Au\\u00dfer Sonnencreme, Bikini, Badetuch und Sonnenbrille, geh\\u00f6ren die richtigen Schuhe und Accessoires ins Urlaubsgep\\u00e4ck.\",\"breadcrumb\":{\"@id\":\"https:\/\/www.schuh-germann.de\/blog\/der-tag-am-meer\/#breadcrumb\"},\"inLanguage\":\"de-DE\",\"potentialAction\":[{\"@type\":\"ReadAction\",\"target\":[\"https:\/\/www.schuh-germann.de\/blog\/der-tag-am-meer\/\"]}]},{\"@type\":\"BreadcrumbList\",\"@id\":\"https:\/\/www.schuh-germann.de\/blog\/der-tag-am-meer\/#breadcrumb\",\"itemListElement\":[{\"@type\":\"ListItem\",\"position\":1,\"name\":\"Startseite\",\"item\":\"https:\/\/www.schuh-germann.de\/blog\/\"},{\"@type\":\"ListItem\",\"position\":2,\"name\":\"Der Tag am Meer\"}]},{\"@type\":[\"Article\",\"NewsArticle\"],\"@id\":\"https:\/\/www.schuh-germann.de\/blog\/der-tag-am-meer\/#article\",\"isPartOf\":{\"@id\":\"https:\/\/www.schuh-germann.de\/blog\/der-tag-am-meer\/#webpage\"},\"author\":{\"@id\":\"https:\/\/www.schuh-germann.de\/blog\/#\/schema\/person\/d743edb61a6b16afe95a8e786fb78a98\"},\"headline\":\"Der Tag am Meer\",\"datePublished\":\"2023-07-21T07:44:19+00:00\",\"dateModified\":\"2023-07-21T07:44:20+00:00\",\"mainEntityOfPage\":{\"@id\":\"https:\/\/www.schuh-germann.de\/blog\/der-tag-am-meer\/#webpage\"},\"wordCount\":315,\"commentCount\":0,\"publisher\":{\"@id\":\"https:\/\/www.schuh-germann.de\/blog\/#organization\"},\"image\":{\"@id\":\"https:\/\/www.schuh-germann.de\/blog\/der-tag-am-meer\/#primaryimage\"},\"thumbnailUrl\":\"https:\/\/www.schuh-germann.de\/blog\/wp-content\/uploads\/2023\/07\/header-2.jpg\",\"keywords\":[\"Accessoires\",\"Keil-Sandaletten\",\"Pantoletten\",\"Urlaub\",\"Zehentrenner\"],\"inLanguage\":\"de-DE\",\"potentialAction\":[{\"@type\":\"CommentAction\",\"name\":\"Comment\",\"target\":[\"https:\/\/www.schuh-germann.de\/blog\/der-tag-am-meer\/#respond\"]}],\"copyrightYear\":\"2023\",\"copyrightHolder\":{\"@id\":\"https:\/\/www.schuh-germann.de\/blog\/#organization\"}},{\"@type\":\"Person\",\"@id\":\"https:\/\/www.schuh-germann.de\/blog\/#\/schema\/person\/d743edb61a6b16afe95a8e786fb78a98\",\"name\":\"Bettina &amp; Silke\",\"image\":{\"@type\":\"ImageObject\",\"@id\":\"https:\/\/www.schuh-germann.de\/blog\/#personlogo\",\"inLanguage\":\"de-DE\",\"url\":\"https:\/\/secure.gravatar.com\/avatar\/adb8a3ab9d03df5d064750b71f39594a?s=96&d=mm&r=g\",\"contentUrl\":\"https:\/\/secure.gravatar.com\/avatar\/adb8a3ab9d03df5d064750b71f39594a?s=96&d=mm&r=g\",\"caption\":\"Bettina &amp; Silke\"},\"url\":\"https:\/\/www.schuh-germann.de\/blog\/author\/claudia\/\"}]}<\/script>\n<!-- \/ Yoast SEO Premium plugin. -->","yoast_head_json":{"description":"Au\u00dfer Sonnencreme, Bikini, Badetuch und Sonnenbrille, geh\u00f6ren die richtigen Schuhe und Accessoires ins Urlaubsgep\u00e4ck.","robots":{"index":"index","follow":"follow","max-snippet":"max-snippet:-1","max-image-preview":"max-image-preview:large","max-video-preview":"max-video-preview:-1"},"canonical":"https:\/\/www.schuh-germann.de\/blog\/der-tag-am-meer\/","og_locale":"de_DE","og_type":"article","og_title":"Der Tag am Meer - Fashion &amp; Lifestyle","og_description":"Au\u00dfer Sonnencreme, Bikini, Badetuch und Sonnenbrille, geh\u00f6ren die richtigen Schuhe und Accessoires ins Urlaubsgep\u00e4ck.","og_url":"https:\/\/www.schuh-germann.de\/blog\/der-tag-am-meer\/","og_site_name":"Fashion &amp; Lifestyle","article_publisher":"https:\/\/www.facebook.com\/schuh.germann\/","article_published_time":"2023-07-21T07:44:19+00:00","article_modified_time":"2023-07-21T07:44:20+00:00","og_image":[{"width":1208,"height":472,"url":"https:\/\/www.schuh-germann.de\/blog\/wp-content\/uploads\/2023\/07\/header-2.jpg","path":"\/var\/www\/html\/blog\/wp-content\/uploads\/2023\/07\/header-2.jpg","size":"full","id":2522,"alt":"","pixels":570176,"type":"image\/jpeg"}],"twitter_card":"summary","twitter_misc":{"Verfasst von":"Bettina &amp; Silke","Gesch\u00e4tzte Lesezeit":"2 Minuten"},"schema":{"@context":"https:\/\/schema.org","@graph":[{"@type":["Organization","Place"],"@id":"https:\/\/www.schuh-germann.de\/blog\/#organization","name":"Schuh Germann GmbH","url":"https:\/\/www.schuh-germann.de\/blog\/","sameAs":["https:\/\/www.facebook.com\/schuh.germann\/","https:\/\/www.instagram.com\/schuhgermann\/"],"logo":{"@type":"ImageObject","@id":"https:\/\/www.schuh-germann.de\/blog\/#logo","inLanguage":"de-DE","url":"https:\/\/www.schuh-germann.de\/blog\/wp-content\/uploads\/2017\/03\/germann_logo_rot.png","contentUrl":"https:\/\/www.schuh-germann.de\/blog\/wp-content\/uploads\/2017\/03\/germann_logo_rot.png","width":460,"height":189,"caption":"Schuh Germann GmbH"},"image":{"@id":"https:\/\/www.schuh-germann.de\/blog\/#logo"},"mainEntityOfPage":{"@id":"https:\/\/www.schuh-germann.de\/blog\/der-tag-am-meer\/#webpage"}},{"@type":"WebSite","@id":"https:\/\/www.schuh-germann.de\/blog\/#website","url":"https:\/\/www.schuh-germann.de\/blog\/","name":"Fashion &amp; Lifestyle","description":"SHOE ! STYLES","publisher":{"@id":"https:\/\/www.schuh-germann.de\/blog\/#organization"},"potentialAction":[{"@type":"SearchAction","target":{"@type":"EntryPoint","urlTemplate":"https:\/\/www.schuh-germann.de\/blog\/?s={search_term_string}"},"query-input":"required name=search_term_string"}],"inLanguage":"de-DE"},{"@type":"ImageObject","@id":"https:\/\/www.schuh-germann.de\/blog\/der-tag-am-meer\/#primaryimage","inLanguage":"de-DE","url":"https:\/\/www.schuh-germann.de\/blog\/wp-content\/uploads\/2023\/07\/header-2.jpg","contentUrl":"https:\/\/www.schuh-germann.de\/blog\/wp-content\/uploads\/2023\/07\/header-2.jpg","width":1208,"height":472},{"@type":"WebPage","@id":"https:\/\/www.schuh-germann.de\/blog\/der-tag-am-meer\/#webpage","url":"https:\/\/www.schuh-germann.de\/blog\/der-tag-am-meer\/","name":"Der Tag am Meer - Fashion &amp; Lifestyle","isPartOf":{"@id":"https:\/\/www.schuh-germann.de\/blog\/#website"},"primaryImageOfPage":{"@id":"https:\/\/www.schuh-germann.de\/blog\/der-tag-am-meer\/#primaryimage"},"datePublished":"2023-07-21T07:44:19+00:00","dateModified":"2023-07-21T07:44:20+00:00","description":"Au\u00dfer Sonnencreme, Bikini, Badetuch und Sonnenbrille, geh\u00f6ren die richtigen Schuhe und Accessoires ins Urlaubsgep\u00e4ck.","breadcrumb":{"@id":"https:\/\/www.schuh-germann.de\/blog\/der-tag-am-meer\/#breadcrumb"},"inLanguage":"de-DE","potentialAction":[{"@type":"ReadAction","target":["https:\/\/www.schuh-germann.de\/blog\/der-tag-am-meer\/"]}]},{"@type":"BreadcrumbList","@id":"https:\/\/www.schuh-germann.de\/blog\/der-tag-am-meer\/#breadcrumb","itemListElement":[{"@type":"ListItem","position":1,"name":"Startseite","item":"https:\/\/www.schuh-germann.de\/blog\/"},{"@type":"ListItem","position":2,"name":"Der Tag am Meer"}]},{"@type":["Article","NewsArticle"],"@id":"https:\/\/www.schuh-germann.de\/blog\/der-tag-am-meer\/#article","isPartOf":{"@id":"https:\/\/www.schuh-germann.de\/blog\/der-tag-am-meer\/#webpage"},"author":{"@id":"https:\/\/www.schuh-germann.de\/blog\/#\/schema\/person\/d743edb61a6b16afe95a8e786fb78a98"},"headline":"Der Tag am Meer","datePublished":"2023-07-21T07:44:19+00:00","dateModified":"2023-07-21T07:44:20+00:00","mainEntityOfPage":{"@id":"https:\/\/www.schuh-germann.de\/blog\/der-tag-am-meer\/#webpage"},"wordCount":315,"commentCount":0,"publisher":{"@id":"https:\/\/www.schuh-germann.de\/blog\/#organization"},"image":{"@id":"https:\/\/www.schuh-germann.de\/blog\/der-tag-am-meer\/#primaryimage"},"thumbnailUrl":"https:\/\/www.schuh-germann.de\/blog\/wp-content\/uploads\/2023\/07\/header-2.jpg","keywords":["Accessoires","Keil-Sandaletten","Pantoletten","Urlaub","Zehentrenner"],"inLanguage":"de-DE","potentialAction":[{"@type":"CommentAction","name":"Comment","target":["https:\/\/www.schuh-germann.de\/blog\/der-tag-am-meer\/#respond"]}],"copyrightYear":"2023","copyrightHolder":{"@id":"https:\/\/www.schuh-germann.de\/blog\/#organization"}},{"@type":"Person","@id":"https:\/\/www.schuh-germann.de\/blog\/#\/schema\/person\/d743edb61a6b16afe95a8e786fb78a98","name":"Bettina &amp; Silke","image":{"@type":"ImageObject","@id":"https:\/\/www.schuh-germann.de\/blog\/#personlogo","inLanguage":"de-DE","url":"https:\/\/secure.gravatar.com\/avatar\/adb8a3ab9d03df5d064750b71f39594a?s=96&d=mm&r=g","contentUrl":"https:\/\/secure.gravatar.com\/avatar\/adb8a3ab9d03df5d064750b71f39594a?s=96&d=mm&r=g","caption":"Bettina &amp; Silke"},"url":"https:\/\/www.schuh-germann.de\/blog\/author\/claudia\/"}]}},"_links":{"self":[{"href":"https:\/\/www.schuh-germann.de\/blog\/wp-json\/wp\/v2\/posts\/2498"}],"collection":[{"href":"https:\/\/www.schuh-germann.de\/blog\/wp-json\/wp\/v2\/posts"}],"about":[{"href":"https:\/\/www.schuh-germann.de\/blog\/wp-json\/wp\/v2\/types\/post"}],"author":[{"embeddable":true,"href":"https:\/\/www.schuh-germann.de\/blog\/wp-json\/wp\/v2\/users\/6"}],"replies":[{"embeddable":true,"href":"https:\/\/www.schuh-germann.de\/blog\/wp-json\/wp\/v2\/comments?post=2498"}],"version-history":[{"count":25,"href":"https:\/\/www.schuh-germann.de\/blog\/wp-json\/wp\/v2\/posts\/2498\/revisions"}],"predecessor-version":[{"id":2530,"href":"https:\/\/www.schuh-germann.de\/blog\/wp-json\/wp\/v2\/posts\/2498\/revisions\/2530"}],"wp:featuredmedia":[{"embeddable":true,"href":"https:\/\/www.schuh-germann.de\/blog\/wp-json\/wp\/v2\/media\/2522"}],"wp:attachment":[{"href":"https:\/\/www.schuh-germann.de\/blog\/wp-json\/wp\/v2\/media?parent=2498"}],"wp:term":[{"taxonomy":"category","embeddable":true,"href":"https:\/\/www.schuh-germann.de\/blog\/wp-json\/wp\/v2\/categories?post=2498"},{"taxonomy":"post_tag","embeddable":true,"href":"https:\/\/www.schuh-germann.de\/blog\/wp-json\/wp\/v2\/tags?post=2498"}],"curies":[{"name":"wp","href":"https:\/\/api.w.org\/{rel}","templated":true}]}}