{"id":2129,"date":"2022-03-25T16:15:45","date_gmt":"2022-03-25T15:15:45","guid":{"rendered":"https:\/\/www.schuh-germann.de\/blog\/?p=2129"},"modified":"2022-03-25T16:20:06","modified_gmt":"2022-03-25T15:20:06","slug":"frischer-wind-fuer-den-schuhschrank","status":"publish","type":"post","link":"https:\/\/www.schuh-germann.de\/blog\/frischer-wind-fuer-den-schuhschrank\/","title":{"rendered":"Frischer Wind f\u00fcr den Schuhschrank"},"content":{"rendered":"<h5>Die Schuhtrends im Fr\u00fchling 2022 bringen richtig frischen Wind in den Schuhschrank und sind alles andere als langweilig. Manche Modes\u00fcnde aus vergangenen Tagen feiert dieses Jahr sogar ihr gro\u00dfes Comeback.<\/h5>\n<p>Der erste Fr\u00fchlingstag liegt schon hinter uns&#8230; h\u00f6chste Zeit also, sich \u00fcber die passenden Schuhe Gedanken zu machen.\u00a0\u00a0Die folgenden Trends haben den Wow-Faktor und d\u00fcrfen 2022 in keinem Schuhschrank fehlen.<\/p>\n<h3>Loafer<\/h3>\n<p>Der Trend geht weiter- nach dem Herbst darf dieses Schuh-Modell auch im Fr\u00fchling 2022 nicht fehlen. Das Allroundtalent punktet elegant, klobig oder punkig. Diese Saison besonders hip: zweifarbige Chunky Loafers mit auff\u00e4lliger Schnalle und dickem Absatz.<\/p>\n<p><img loading=\"lazy\" class=\"alignnone wp-image-2133\" src=\"https:\/\/www.schuh-germann.de\/blog\/wp-content\/uploads\/2022\/03\/loafer-300x62.jpg\" alt=\"\" width=\"658\" height=\"136\" srcset=\"https:\/\/www.schuh-germann.de\/blog\/wp-content\/uploads\/2022\/03\/loafer-300x62.jpg 300w, https:\/\/www.schuh-germann.de\/blog\/wp-content\/uploads\/2022\/03\/loafer-768x157.jpg 768w, https:\/\/www.schuh-germann.de\/blog\/wp-content\/uploads\/2022\/03\/loafer-640x131.jpg 640w, https:\/\/www.schuh-germann.de\/blog\/wp-content\/uploads\/2022\/03\/loafer-681x140.jpg 681w, https:\/\/www.schuh-germann.de\/blog\/wp-content\/uploads\/2022\/03\/loafer.jpg 1000w\" sizes=\"(max-width: 658px) 100vw, 658px\" \/><\/p>\n<p>&nbsp;<\/p>\n<h3>Clogs<\/h3>\n<p>F\u00fcr den einen nach wie vor eine Modes\u00fcnde, f\u00fcr den anderen das gefeierte Comeback des Jahres. Die offenen Schuhe mit geschwungener Holzsohle sind vielleicht gew\u00f6hnungsbed\u00fcrftig, aber diesen Fr\u00fchling nicht weg zu denken. Echte Fashionistas sind verr\u00fcckt nach ihnen.<\/p>\n<p><img loading=\"lazy\" class=\"alignnone wp-image-2136\" src=\"https:\/\/www.schuh-germann.de\/blog\/wp-content\/uploads\/2022\/03\/clogs-300x62.jpg\" alt=\"\" width=\"658\" height=\"136\" srcset=\"https:\/\/www.schuh-germann.de\/blog\/wp-content\/uploads\/2022\/03\/clogs-300x62.jpg 300w, https:\/\/www.schuh-germann.de\/blog\/wp-content\/uploads\/2022\/03\/clogs-768x157.jpg 768w, https:\/\/www.schuh-germann.de\/blog\/wp-content\/uploads\/2022\/03\/clogs-640x131.jpg 640w, https:\/\/www.schuh-germann.de\/blog\/wp-content\/uploads\/2022\/03\/clogs-681x140.jpg 681w, https:\/\/www.schuh-germann.de\/blog\/wp-content\/uploads\/2022\/03\/clogs.jpg 1000w\" sizes=\"(max-width: 658px) 100vw, 658px\" \/><\/p>\n<h3><\/h3>\n<h3>Ballerinas<\/h3>\n<p>Alles andere als bieder und langweilig&#8230; der Schuh-Klassiker begleitet uns auch diese Saison. Im Stilbruch unter langen Kleidern, zu Baggy Jeans mit Oversize-Hemd wirken die neuen Ballerinas kein bisschen brav.<\/p>\n<p><img loading=\"lazy\" class=\"alignnone wp-image-2139\" src=\"https:\/\/www.schuh-germann.de\/blog\/wp-content\/uploads\/2022\/03\/Ballerina-300x62.jpg\" alt=\"\" width=\"653\" height=\"135\" srcset=\"https:\/\/www.schuh-germann.de\/blog\/wp-content\/uploads\/2022\/03\/Ballerina-300x62.jpg 300w, https:\/\/www.schuh-germann.de\/blog\/wp-content\/uploads\/2022\/03\/Ballerina-640x131.jpg 640w, https:\/\/www.schuh-germann.de\/blog\/wp-content\/uploads\/2022\/03\/Ballerina-681x140.jpg 681w, https:\/\/www.schuh-germann.de\/blog\/wp-content\/uploads\/2022\/03\/Ballerina.jpg 1000w\" sizes=\"(max-width: 653px) 100vw, 653px\" \/><\/p>\n<p>&nbsp;<\/p>\n<h3>Pumps<\/h3>\n<p>Der Schuh-Trend des Fr\u00fchlings: Feminin, auff\u00e4llig, hoch und mit viel Bling-Bling. Die aktuellen Pumps-Modelle lassen Frauenherzen h\u00f6her schlagen.<\/p>\n<p><img loading=\"lazy\" class=\"alignnone wp-image-2140\" src=\"https:\/\/www.schuh-germann.de\/blog\/wp-content\/uploads\/2022\/03\/pumps-300x62.jpg\" alt=\"\" width=\"648\" height=\"134\" srcset=\"https:\/\/www.schuh-germann.de\/blog\/wp-content\/uploads\/2022\/03\/pumps-300x62.jpg 300w, https:\/\/www.schuh-germann.de\/blog\/wp-content\/uploads\/2022\/03\/pumps-640x131.jpg 640w, https:\/\/www.schuh-germann.de\/blog\/wp-content\/uploads\/2022\/03\/pumps-681x140.jpg 681w, https:\/\/www.schuh-germann.de\/blog\/wp-content\/uploads\/2022\/03\/pumps.jpg 1000w\" sizes=\"(max-width: 648px) 100vw, 648px\" \/><\/p>\n<p>&nbsp;<\/p>\n<p>Diese und viele andere Schuh-Modelle finden Sie in unserem Online-Shop.<\/p>\n<p><a href=\"https:\/\/www.schuh-germann.de\/\">www.schuh-germann.de<\/a><\/p>\n<p>Viel Spa\u00df beim Shoppen!<\/p>\n","protected":false},"excerpt":{"rendered":"<p>Die Schuhtrends im Fr\u00fchling 2022 bringen richtig frischen Wind in den Schuhschrank und sind alles andere als langweilig. Manche Modes\u00fcnde aus vergangenen Tagen feiert dieses Jahr sogar ihr gro\u00dfes Comeback. Der erste Fr\u00fchlingstag liegt schon hinter uns&#8230; h\u00f6chste Zeit also, sich \u00fcber die passenden Schuhe Gedanken zu machen.\u00a0\u00a0Die folgenden Trends haben den Wow-Faktor und d\u00fcrfen [&hellip;]<\/p>\n","protected":false},"author":2,"featured_media":2149,"comment_status":"open","ping_status":"open","sticky":false,"template":"","format":"standard","meta":[],"categories":[1],"tags":[],"yoast_head":"<!-- This site is optimized with the Yoast SEO Premium plugin v16.1 (Yoast SEO v16.8) - https:\/\/yoast.com\/wordpress\/plugins\/seo\/ -->\n<meta name=\"robots\" content=\"index, follow, max-snippet:-1, max-image-preview:large, max-video-preview:-1\" \/>\n<link rel=\"canonical\" href=\"https:\/\/www.schuh-germann.de\/blog\/frischer-wind-fuer-den-schuhschrank\/\" \/>\n<meta property=\"og:locale\" content=\"de_DE\" \/>\n<meta property=\"og:type\" content=\"article\" \/>\n<meta property=\"og:title\" content=\"Frischer Wind f\u00fcr den Schuhschrank - Fashion &amp; Lifestyle\" \/>\n<meta property=\"og:description\" content=\"Die Schuhtrends im Fr\u00fchling 2022 bringen richtig frischen Wind in den Schuhschrank und sind alles andere als langweilig. Manche Modes\u00fcnde aus vergangenen Tagen feiert dieses Jahr sogar ihr gro\u00dfes Comeback. Der erste Fr\u00fchlingstag liegt schon hinter uns&#8230; h\u00f6chste Zeit also, sich \u00fcber die passenden Schuhe Gedanken zu machen.\u00a0\u00a0Die folgenden Trends haben den Wow-Faktor und d\u00fcrfen [&hellip;]\" \/>\n<meta property=\"og:url\" content=\"https:\/\/www.schuh-germann.de\/blog\/frischer-wind-fuer-den-schuhschrank\/\" \/>\n<meta property=\"og:site_name\" content=\"Fashion &amp; Lifestyle\" \/>\n<meta property=\"article:publisher\" content=\"https:\/\/www.facebook.com\/schuh.germann\/\" \/>\n<meta property=\"article:published_time\" content=\"2022-03-25T15:15:45+00:00\" \/>\n<meta property=\"article:modified_time\" content=\"2022-03-25T15:20:06+00:00\" \/>\n<meta property=\"og:image\" content=\"https:\/\/www.schuh-germann.de\/blog\/wp-content\/uploads\/2022\/03\/fru\u0308hling22neu.jpg\" \/>\n\t<meta property=\"og:image:width\" content=\"1000\" \/>\n\t<meta property=\"og:image:height\" content=\"484\" \/>\n<meta name=\"twitter:card\" content=\"summary\" \/>\n<meta name=\"twitter:label1\" content=\"Verfasst von\" \/>\n\t<meta name=\"twitter:data1\" content=\"Schuh Germann\" \/>\n\t<meta name=\"twitter:label2\" content=\"Gesch\u00e4tzte Lesezeit\" \/>\n\t<meta name=\"twitter:data2\" content=\"2 Minuten\" \/>\n<script type=\"application\/ld+json\" class=\"yoast-schema-graph\">{\"@context\":\"https:\/\/schema.org\",\"@graph\":[{\"@type\":[\"Organization\",\"Place\"],\"@id\":\"https:\/\/www.schuh-germann.de\/blog\/#organization\",\"name\":\"Schuh Germann GmbH\",\"url\":\"https:\/\/www.schuh-germann.de\/blog\/\",\"sameAs\":[\"https:\/\/www.facebook.com\/schuh.germann\/\",\"https:\/\/www.instagram.com\/schuhgermann\/\"],\"logo\":{\"@type\":\"ImageObject\",\"@id\":\"https:\/\/www.schuh-germann.de\/blog\/#logo\",\"inLanguage\":\"de-DE\",\"url\":\"https:\/\/www.schuh-germann.de\/blog\/wp-content\/uploads\/2017\/03\/germann_logo_rot.png\",\"contentUrl\":\"https:\/\/www.schuh-germann.de\/blog\/wp-content\/uploads\/2017\/03\/germann_logo_rot.png\",\"width\":460,\"height\":189,\"caption\":\"Schuh Germann GmbH\"},\"image\":{\"@id\":\"https:\/\/www.schuh-germann.de\/blog\/#logo\"},\"mainEntityOfPage\":{\"@id\":\"https:\/\/www.schuh-germann.de\/blog\/frischer-wind-fuer-den-schuhschrank\/#webpage\"}},{\"@type\":\"WebSite\",\"@id\":\"https:\/\/www.schuh-germann.de\/blog\/#website\",\"url\":\"https:\/\/www.schuh-germann.de\/blog\/\",\"name\":\"Fashion &amp; Lifestyle\",\"description\":\"SHOE ! STYLES\",\"publisher\":{\"@id\":\"https:\/\/www.schuh-germann.de\/blog\/#organization\"},\"potentialAction\":[{\"@type\":\"SearchAction\",\"target\":{\"@type\":\"EntryPoint\",\"urlTemplate\":\"https:\/\/www.schuh-germann.de\/blog\/?s={search_term_string}\"},\"query-input\":\"required name=search_term_string\"}],\"inLanguage\":\"de-DE\"},{\"@type\":\"ImageObject\",\"@id\":\"https:\/\/www.schuh-germann.de\/blog\/frischer-wind-fuer-den-schuhschrank\/#primaryimage\",\"inLanguage\":\"de-DE\",\"url\":\"https:\/\/www.schuh-germann.de\/blog\/wp-content\/uploads\/2022\/03\/fru\\u0308hling22neu.jpg\",\"contentUrl\":\"https:\/\/www.schuh-germann.de\/blog\/wp-content\/uploads\/2022\/03\/fru\\u0308hling22neu.jpg\",\"width\":1000,\"height\":484},{\"@type\":\"WebPage\",\"@id\":\"https:\/\/www.schuh-germann.de\/blog\/frischer-wind-fuer-den-schuhschrank\/#webpage\",\"url\":\"https:\/\/www.schuh-germann.de\/blog\/frischer-wind-fuer-den-schuhschrank\/\",\"name\":\"Frischer Wind f\\u00fcr den Schuhschrank - Fashion &amp; Lifestyle\",\"isPartOf\":{\"@id\":\"https:\/\/www.schuh-germann.de\/blog\/#website\"},\"primaryImageOfPage\":{\"@id\":\"https:\/\/www.schuh-germann.de\/blog\/frischer-wind-fuer-den-schuhschrank\/#primaryimage\"},\"datePublished\":\"2022-03-25T15:15:45+00:00\",\"dateModified\":\"2022-03-25T15:20:06+00:00\",\"breadcrumb\":{\"@id\":\"https:\/\/www.schuh-germann.de\/blog\/frischer-wind-fuer-den-schuhschrank\/#breadcrumb\"},\"inLanguage\":\"de-DE\",\"potentialAction\":[{\"@type\":\"ReadAction\",\"target\":[\"https:\/\/www.schuh-germann.de\/blog\/frischer-wind-fuer-den-schuhschrank\/\"]}]},{\"@type\":\"BreadcrumbList\",\"@id\":\"https:\/\/www.schuh-germann.de\/blog\/frischer-wind-fuer-den-schuhschrank\/#breadcrumb\",\"itemListElement\":[{\"@type\":\"ListItem\",\"position\":1,\"name\":\"Startseite\",\"item\":\"https:\/\/www.schuh-germann.de\/blog\/\"},{\"@type\":\"ListItem\",\"position\":2,\"name\":\"Frischer Wind f\\u00fcr den Schuhschrank\"}]},{\"@type\":[\"Article\",\"NewsArticle\"],\"@id\":\"https:\/\/www.schuh-germann.de\/blog\/frischer-wind-fuer-den-schuhschrank\/#article\",\"isPartOf\":{\"@id\":\"https:\/\/www.schuh-germann.de\/blog\/frischer-wind-fuer-den-schuhschrank\/#webpage\"},\"author\":{\"@id\":\"https:\/\/www.schuh-germann.de\/blog\/#\/schema\/person\/2c78ced8e35f47c19279a3a2f98da03b\"},\"headline\":\"Frischer Wind f\\u00fcr den Schuhschrank\",\"datePublished\":\"2022-03-25T15:15:45+00:00\",\"dateModified\":\"2022-03-25T15:20:06+00:00\",\"mainEntityOfPage\":{\"@id\":\"https:\/\/www.schuh-germann.de\/blog\/frischer-wind-fuer-den-schuhschrank\/#webpage\"},\"wordCount\":228,\"commentCount\":0,\"publisher\":{\"@id\":\"https:\/\/www.schuh-germann.de\/blog\/#organization\"},\"image\":{\"@id\":\"https:\/\/www.schuh-germann.de\/blog\/frischer-wind-fuer-den-schuhschrank\/#primaryimage\"},\"thumbnailUrl\":\"https:\/\/www.schuh-germann.de\/blog\/wp-content\/uploads\/2022\/03\/fru\\u0308hling22neu.jpg\",\"inLanguage\":\"de-DE\",\"potentialAction\":[{\"@type\":\"CommentAction\",\"name\":\"Comment\",\"target\":[\"https:\/\/www.schuh-germann.de\/blog\/frischer-wind-fuer-den-schuhschrank\/#respond\"]}],\"copyrightYear\":\"2022\",\"copyrightHolder\":{\"@id\":\"https:\/\/www.schuh-germann.de\/blog\/#organization\"}},{\"@type\":\"Person\",\"@id\":\"https:\/\/www.schuh-germann.de\/blog\/#\/schema\/person\/2c78ced8e35f47c19279a3a2f98da03b\",\"name\":\"Schuh Germann\",\"image\":{\"@type\":\"ImageObject\",\"@id\":\"https:\/\/www.schuh-germann.de\/blog\/#personlogo\",\"inLanguage\":\"de-DE\",\"url\":\"https:\/\/secure.gravatar.com\/avatar\/d76d226f119bb70e9f5333d1910df36f?s=96&d=mm&r=g\",\"contentUrl\":\"https:\/\/secure.gravatar.com\/avatar\/d76d226f119bb70e9f5333d1910df36f?s=96&d=mm&r=g\",\"caption\":\"Schuh Germann\"},\"sameAs\":[\"https:\/\/www.schuh-germann.de\/\"],\"url\":\"https:\/\/www.schuh-germann.de\/blog\/author\/schuh-germann\/\"}]}<\/script>\n<!-- \/ Yoast SEO Premium plugin. -->","yoast_head_json":{"robots":{"index":"index","follow":"follow","max-snippet":"max-snippet:-1","max-image-preview":"max-image-preview:large","max-video-preview":"max-video-preview:-1"},"canonical":"https:\/\/www.schuh-germann.de\/blog\/frischer-wind-fuer-den-schuhschrank\/","og_locale":"de_DE","og_type":"article","og_title":"Frischer Wind f\u00fcr den Schuhschrank - Fashion &amp; Lifestyle","og_description":"Die Schuhtrends im Fr\u00fchling 2022 bringen richtig frischen Wind in den Schuhschrank und sind alles andere als langweilig. Manche Modes\u00fcnde aus vergangenen Tagen feiert dieses Jahr sogar ihr gro\u00dfes Comeback. Der erste Fr\u00fchlingstag liegt schon hinter uns&#8230; h\u00f6chste Zeit also, sich \u00fcber die passenden Schuhe Gedanken zu machen.\u00a0\u00a0Die folgenden Trends haben den Wow-Faktor und d\u00fcrfen [&hellip;]","og_url":"https:\/\/www.schuh-germann.de\/blog\/frischer-wind-fuer-den-schuhschrank\/","og_site_name":"Fashion &amp; Lifestyle","article_publisher":"https:\/\/www.facebook.com\/schuh.germann\/","article_published_time":"2022-03-25T15:15:45+00:00","article_modified_time":"2022-03-25T15:20:06+00:00","og_image":[{"width":1000,"height":484,"url":"https:\/\/www.schuh-germann.de\/blog\/wp-content\/uploads\/2022\/03\/fru\u0308hling22neu.jpg","path":"\/var\/www\/html\/blog\/wp-content\/uploads\/2022\/03\/fru\u0308hling22neu.jpg","size":"full","id":2149,"alt":"","pixels":484000,"type":"image\/jpeg"}],"twitter_card":"summary","twitter_misc":{"Verfasst von":"Schuh Germann","Gesch\u00e4tzte Lesezeit":"2 Minuten"},"schema":{"@context":"https:\/\/schema.org","@graph":[{"@type":["Organization","Place"],"@id":"https:\/\/www.schuh-germann.de\/blog\/#organization","name":"Schuh Germann GmbH","url":"https:\/\/www.schuh-germann.de\/blog\/","sameAs":["https:\/\/www.facebook.com\/schuh.germann\/","https:\/\/www.instagram.com\/schuhgermann\/"],"logo":{"@type":"ImageObject","@id":"https:\/\/www.schuh-germann.de\/blog\/#logo","inLanguage":"de-DE","url":"https:\/\/www.schuh-germann.de\/blog\/wp-content\/uploads\/2017\/03\/germann_logo_rot.png","contentUrl":"https:\/\/www.schuh-germann.de\/blog\/wp-content\/uploads\/2017\/03\/germann_logo_rot.png","width":460,"height":189,"caption":"Schuh Germann GmbH"},"image":{"@id":"https:\/\/www.schuh-germann.de\/blog\/#logo"},"mainEntityOfPage":{"@id":"https:\/\/www.schuh-germann.de\/blog\/frischer-wind-fuer-den-schuhschrank\/#webpage"}},{"@type":"WebSite","@id":"https:\/\/www.schuh-germann.de\/blog\/#website","url":"https:\/\/www.schuh-germann.de\/blog\/","name":"Fashion &amp; Lifestyle","description":"SHOE ! STYLES","publisher":{"@id":"https:\/\/www.schuh-germann.de\/blog\/#organization"},"potentialAction":[{"@type":"SearchAction","target":{"@type":"EntryPoint","urlTemplate":"https:\/\/www.schuh-germann.de\/blog\/?s={search_term_string}"},"query-input":"required name=search_term_string"}],"inLanguage":"de-DE"},{"@type":"ImageObject","@id":"https:\/\/www.schuh-germann.de\/blog\/frischer-wind-fuer-den-schuhschrank\/#primaryimage","inLanguage":"de-DE","url":"https:\/\/www.schuh-germann.de\/blog\/wp-content\/uploads\/2022\/03\/fru\u0308hling22neu.jpg","contentUrl":"https:\/\/www.schuh-germann.de\/blog\/wp-content\/uploads\/2022\/03\/fru\u0308hling22neu.jpg","width":1000,"height":484},{"@type":"WebPage","@id":"https:\/\/www.schuh-germann.de\/blog\/frischer-wind-fuer-den-schuhschrank\/#webpage","url":"https:\/\/www.schuh-germann.de\/blog\/frischer-wind-fuer-den-schuhschrank\/","name":"Frischer Wind f\u00fcr den Schuhschrank - Fashion &amp; Lifestyle","isPartOf":{"@id":"https:\/\/www.schuh-germann.de\/blog\/#website"},"primaryImageOfPage":{"@id":"https:\/\/www.schuh-germann.de\/blog\/frischer-wind-fuer-den-schuhschrank\/#primaryimage"},"datePublished":"2022-03-25T15:15:45+00:00","dateModified":"2022-03-25T15:20:06+00:00","breadcrumb":{"@id":"https:\/\/www.schuh-germann.de\/blog\/frischer-wind-fuer-den-schuhschrank\/#breadcrumb"},"inLanguage":"de-DE","potentialAction":[{"@type":"ReadAction","target":["https:\/\/www.schuh-germann.de\/blog\/frischer-wind-fuer-den-schuhschrank\/"]}]},{"@type":"BreadcrumbList","@id":"https:\/\/www.schuh-germann.de\/blog\/frischer-wind-fuer-den-schuhschrank\/#breadcrumb","itemListElement":[{"@type":"ListItem","position":1,"name":"Startseite","item":"https:\/\/www.schuh-germann.de\/blog\/"},{"@type":"ListItem","position":2,"name":"Frischer Wind f\u00fcr den Schuhschrank"}]},{"@type":["Article","NewsArticle"],"@id":"https:\/\/www.schuh-germann.de\/blog\/frischer-wind-fuer-den-schuhschrank\/#article","isPartOf":{"@id":"https:\/\/www.schuh-germann.de\/blog\/frischer-wind-fuer-den-schuhschrank\/#webpage"},"author":{"@id":"https:\/\/www.schuh-germann.de\/blog\/#\/schema\/person\/2c78ced8e35f47c19279a3a2f98da03b"},"headline":"Frischer Wind f\u00fcr den Schuhschrank","datePublished":"2022-03-25T15:15:45+00:00","dateModified":"2022-03-25T15:20:06+00:00","mainEntityOfPage":{"@id":"https:\/\/www.schuh-germann.de\/blog\/frischer-wind-fuer-den-schuhschrank\/#webpage"},"wordCount":228,"commentCount":0,"publisher":{"@id":"https:\/\/www.schuh-germann.de\/blog\/#organization"},"image":{"@id":"https:\/\/www.schuh-germann.de\/blog\/frischer-wind-fuer-den-schuhschrank\/#primaryimage"},"thumbnailUrl":"https:\/\/www.schuh-germann.de\/blog\/wp-content\/uploads\/2022\/03\/fru\u0308hling22neu.jpg","inLanguage":"de-DE","potentialAction":[{"@type":"CommentAction","name":"Comment","target":["https:\/\/www.schuh-germann.de\/blog\/frischer-wind-fuer-den-schuhschrank\/#respond"]}],"copyrightYear":"2022","copyrightHolder":{"@id":"https:\/\/www.schuh-germann.de\/blog\/#organization"}},{"@type":"Person","@id":"https:\/\/www.schuh-germann.de\/blog\/#\/schema\/person\/2c78ced8e35f47c19279a3a2f98da03b","name":"Schuh Germann","image":{"@type":"ImageObject","@id":"https:\/\/www.schuh-germann.de\/blog\/#personlogo","inLanguage":"de-DE","url":"https:\/\/secure.gravatar.com\/avatar\/d76d226f119bb70e9f5333d1910df36f?s=96&d=mm&r=g","contentUrl":"https:\/\/secure.gravatar.com\/avatar\/d76d226f119bb70e9f5333d1910df36f?s=96&d=mm&r=g","caption":"Schuh Germann"},"sameAs":["https:\/\/www.schuh-germann.de\/"],"url":"https:\/\/www.schuh-germann.de\/blog\/author\/schuh-germann\/"}]}},"_links":{"self":[{"href":"https:\/\/www.schuh-germann.de\/blog\/wp-json\/wp\/v2\/posts\/2129"}],"collection":[{"href":"https:\/\/www.schuh-germann.de\/blog\/wp-json\/wp\/v2\/posts"}],"about":[{"href":"https:\/\/www.schuh-germann.de\/blog\/wp-json\/wp\/v2\/types\/post"}],"author":[{"embeddable":true,"href":"https:\/\/www.schuh-germann.de\/blog\/wp-json\/wp\/v2\/users\/2"}],"replies":[{"embeddable":true,"href":"https:\/\/www.schuh-germann.de\/blog\/wp-json\/wp\/v2\/comments?post=2129"}],"version-history":[{"count":12,"href":"https:\/\/www.schuh-germann.de\/blog\/wp-json\/wp\/v2\/posts\/2129\/revisions"}],"predecessor-version":[{"id":2148,"href":"https:\/\/www.schuh-germann.de\/blog\/wp-json\/wp\/v2\/posts\/2129\/revisions\/2148"}],"wp:featuredmedia":[{"embeddable":true,"href":"https:\/\/www.schuh-germann.de\/blog\/wp-json\/wp\/v2\/media\/2149"}],"wp:attachment":[{"href":"https:\/\/www.schuh-germann.de\/blog\/wp-json\/wp\/v2\/media?parent=2129"}],"wp:term":[{"taxonomy":"category","embeddable":true,"href":"https:\/\/www.schuh-germann.de\/blog\/wp-json\/wp\/v2\/categories?post=2129"},{"taxonomy":"post_tag","embeddable":true,"href":"https:\/\/www.schuh-germann.de\/blog\/wp-json\/wp\/v2\/tags?post=2129"}],"curies":[{"name":"wp","href":"https:\/\/api.w.org\/{rel}","templated":true}]}}