{"id":2103,"date":"2021-12-16T09:53:44","date_gmt":"2021-12-16T08:53:44","guid":{"rendered":"https:\/\/www.schuh-germann.de\/blog\/?p=2103"},"modified":"2021-12-17T08:56:01","modified_gmt":"2021-12-17T07:56:01","slug":"keine-angst-vor-kalten-fuessen","status":"publish","type":"post","link":"https:\/\/www.schuh-germann.de\/blog\/keine-angst-vor-kalten-fuessen\/","title":{"rendered":"Keine Angst vor kalten F\u00fc\u00dfen!"},"content":{"rendered":"\n<h5 id=\"h-hausschuhe-zum-verlieben-edel-kuschelig-und-warm\"><strong>Hausschuhe zum Verlieben &#8211; edel, kuschelig und warm.<\/strong><\/h5>\n\n\n\n<p>Wir zeigen Euch eine kleine Auswahl toller Modelle f\u00fcr Damen.<\/p>\n\n\n\n<p>Winter!<br>Schnee, K\u00e4lte, Matsch, Schmuddelwetter.<\/p>\n\n\n\n<p>Wenn man den ganzen Tag unterwegs ist, bei der Arbeit, <br>beim Einkaufen oder vielleicht mit dem Hund raus muss,<br>kann es jetzt ganz sch\u00f6n ungem\u00fctlich sein.<br>Durchgefroren, mit kalten, klammen H\u00e4nden und F\u00fc\u00dfen, kommt man nach Hause.<\/p>\n\n\n\n<h5 id=\"h-da-ist-man-froh-wenn-man-endlich-heim-ins-warme-kommt\"><strong>Da ist man froh, wenn man endlich heim ins Warme kommt!<\/strong><\/h5>\n\n\n\n<p>Die gem\u00fctlichen Sachen anziehen &#8211; <br>und auch die F\u00fc\u00dfe sollen endlich wieder warm werden.<br>Denn meist sind es unsere F\u00fc\u00dfe, die zuerst ausk\u00fchlen.<\/p>\n\n\n\n<p>Was gibt es da Sch\u00f6neres, als in gem\u00fctliche, warme Hausschuhe zu schl\u00fcpfen.<br>Dabei kommen die aktuellen Modelle sehr modisch, chic oder auch farbenfroh daher.<\/p>\n\n\n\n<h5 id=\"h-da-f-llt-die-entscheidung-schwer\"><strong>Da f\u00e4llt die Entscheidung schwer!<\/strong><\/h5>\n\n\n\n<p>Es gibt viele wundersch\u00f6ne Hausschuhe oder Pantoffeln aus Wolle, Leder oder<br>&#8211; ganz aktuell &#8211; in Felloptik; <br>in leuchtenden Farben, in Naturt\u00f6nen oder mit ausgefallenen Schmuckapplikationen.<\/p>\n\n\n\n<figure class=\"wp-block-image size-large\"><img loading=\"lazy\" width=\"1000\" height=\"205\" src=\"https:\/\/www.schuh-germann.de\/blog\/wp-content\/uploads\/2021\/12\/Hausschuh1.jpg\" alt=\"\" class=\"wp-image-2110\" srcset=\"https:\/\/www.schuh-germann.de\/blog\/wp-content\/uploads\/2021\/12\/Hausschuh1.jpg 1000w, https:\/\/www.schuh-germann.de\/blog\/wp-content\/uploads\/2021\/12\/Hausschuh1-300x62.jpg 300w, https:\/\/www.schuh-germann.de\/blog\/wp-content\/uploads\/2021\/12\/Hausschuh1-768x157.jpg 768w, https:\/\/www.schuh-germann.de\/blog\/wp-content\/uploads\/2021\/12\/Hausschuh1-640x131.jpg 640w, https:\/\/www.schuh-germann.de\/blog\/wp-content\/uploads\/2021\/12\/Hausschuh1-681x140.jpg 681w\" sizes=\"(max-width: 1000px) 100vw, 1000px\" \/><\/figure>\n\n\n\n<p>Da findet jeder sein neues Lieblingsmodell! <br>Und kalte F\u00fc\u00dfe sind kein Thema mehr.<br><br><\/p>\n\n\n\n<figure class=\"wp-block-image size-large\"><img loading=\"lazy\" width=\"1000\" height=\"205\" src=\"https:\/\/www.schuh-germann.de\/blog\/wp-content\/uploads\/2021\/12\/Hausschuh2.jpg\" alt=\"\" class=\"wp-image-2112\" srcset=\"https:\/\/www.schuh-germann.de\/blog\/wp-content\/uploads\/2021\/12\/Hausschuh2.jpg 1000w, https:\/\/www.schuh-germann.de\/blog\/wp-content\/uploads\/2021\/12\/Hausschuh2-300x62.jpg 300w, https:\/\/www.schuh-germann.de\/blog\/wp-content\/uploads\/2021\/12\/Hausschuh2-768x157.jpg 768w, https:\/\/www.schuh-germann.de\/blog\/wp-content\/uploads\/2021\/12\/Hausschuh2-640x131.jpg 640w, https:\/\/www.schuh-germann.de\/blog\/wp-content\/uploads\/2021\/12\/Hausschuh2-681x140.jpg 681w\" sizes=\"(max-width: 1000px) 100vw, 1000px\" \/><\/figure>\n\n\n\n<p>Wichtig ist eine gute Passform. <br>Lieber so gro\u00df kaufen, dass sie auch mit dicken Socken getragen werden k\u00f6nnen.<\/p>\n\n\n\n<p>Bei SCHUH-Germann finden Sie eine gro\u00dfe Auswahl an Hausschuhen<br>f\u00fcr Damen, Herren und Kinder &#8211; f\u00fcr die ganze Familie. <br><br>Und nun, viel Spa\u00df beim St\u00f6bern nach Ihren neuen Lieblingshausschuhen.<br>Vielleicht ist das ja auch eine gute Geschenkidee &#8211; bald ist Weihnachten!<\/p>\n\n\n\n<p><span style=\"color: #0000ff;\">www.schuh-germann.de<\/span><\/p>\n","protected":false},"excerpt":{"rendered":"<p>Hausschuhe zum Verlieben &#8211; edel, kuschelig und warm. Wir zeigen Euch eine kleine Auswahl toller Modelle f\u00fcr Damen. Winter!Schnee, K\u00e4lte, Matsch, Schmuddelwetter. Wenn man den ganzen Tag unterwegs ist, bei der Arbeit, beim Einkaufen oder vielleicht mit dem Hund raus muss,kann es jetzt ganz sch\u00f6n ungem\u00fctlich sein.Durchgefroren, mit kalten, klammen H\u00e4nden und F\u00fc\u00dfen, kommt man [&hellip;]<\/p>\n","protected":false},"author":2,"featured_media":2119,"comment_status":"open","ping_status":"open","sticky":false,"template":"","format":"standard","meta":[],"categories":[1],"tags":[],"yoast_head":"<!-- This site is optimized with the Yoast SEO Premium plugin v16.1 (Yoast SEO v16.8) - https:\/\/yoast.com\/wordpress\/plugins\/seo\/ -->\n<meta name=\"robots\" content=\"index, follow, max-snippet:-1, max-image-preview:large, max-video-preview:-1\" \/>\n<link rel=\"canonical\" href=\"https:\/\/www.schuh-germann.de\/blog\/keine-angst-vor-kalten-fuessen\/\" \/>\n<meta property=\"og:locale\" content=\"de_DE\" \/>\n<meta property=\"og:type\" content=\"article\" \/>\n<meta property=\"og:title\" content=\"Keine Angst vor kalten F\u00fc\u00dfen! - Fashion &amp; Lifestyle\" \/>\n<meta property=\"og:description\" content=\"Hausschuhe zum Verlieben &#8211; edel, kuschelig und warm. Wir zeigen Euch eine kleine Auswahl toller Modelle f\u00fcr Damen. Winter!Schnee, K\u00e4lte, Matsch, Schmuddelwetter. Wenn man den ganzen Tag unterwegs ist, bei der Arbeit, beim Einkaufen oder vielleicht mit dem Hund raus muss,kann es jetzt ganz sch\u00f6n ungem\u00fctlich sein.Durchgefroren, mit kalten, klammen H\u00e4nden und F\u00fc\u00dfen, kommt man [&hellip;]\" \/>\n<meta property=\"og:url\" content=\"https:\/\/www.schuh-germann.de\/blog\/keine-angst-vor-kalten-fuessen\/\" \/>\n<meta property=\"og:site_name\" content=\"Fashion &amp; Lifestyle\" \/>\n<meta property=\"article:publisher\" content=\"https:\/\/www.facebook.com\/schuh.germann\/\" \/>\n<meta property=\"article:published_time\" content=\"2021-12-16T08:53:44+00:00\" \/>\n<meta property=\"article:modified_time\" content=\"2021-12-17T07:56:01+00:00\" \/>\n<meta property=\"og:image\" content=\"https:\/\/www.schuh-germann.de\/blog\/wp-content\/uploads\/2021\/12\/Test_shutterstock_510911911-scaled.jpg\" \/>\n\t<meta property=\"og:image:width\" content=\"2560\" \/>\n\t<meta property=\"og:image:height\" content=\"1258\" \/>\n<meta name=\"twitter:card\" content=\"summary\" \/>\n<meta name=\"twitter:label1\" content=\"Verfasst von\" \/>\n\t<meta name=\"twitter:data1\" content=\"Schuh Germann\" \/>\n\t<meta name=\"twitter:label2\" content=\"Gesch\u00e4tzte Lesezeit\" \/>\n\t<meta name=\"twitter:data2\" content=\"2 Minuten\" \/>\n<script type=\"application\/ld+json\" class=\"yoast-schema-graph\">{\"@context\":\"https:\/\/schema.org\",\"@graph\":[{\"@type\":[\"Organization\",\"Place\"],\"@id\":\"https:\/\/www.schuh-germann.de\/blog\/#organization\",\"name\":\"Schuh Germann GmbH\",\"url\":\"https:\/\/www.schuh-germann.de\/blog\/\",\"sameAs\":[\"https:\/\/www.facebook.com\/schuh.germann\/\",\"https:\/\/www.instagram.com\/schuhgermann\/\"],\"logo\":{\"@type\":\"ImageObject\",\"@id\":\"https:\/\/www.schuh-germann.de\/blog\/#logo\",\"inLanguage\":\"de-DE\",\"url\":\"https:\/\/www.schuh-germann.de\/blog\/wp-content\/uploads\/2017\/03\/germann_logo_rot.png\",\"contentUrl\":\"https:\/\/www.schuh-germann.de\/blog\/wp-content\/uploads\/2017\/03\/germann_logo_rot.png\",\"width\":460,\"height\":189,\"caption\":\"Schuh Germann GmbH\"},\"image\":{\"@id\":\"https:\/\/www.schuh-germann.de\/blog\/#logo\"},\"mainEntityOfPage\":{\"@id\":\"https:\/\/www.schuh-germann.de\/blog\/keine-angst-vor-kalten-fuessen\/#webpage\"}},{\"@type\":\"WebSite\",\"@id\":\"https:\/\/www.schuh-germann.de\/blog\/#website\",\"url\":\"https:\/\/www.schuh-germann.de\/blog\/\",\"name\":\"Fashion &amp; Lifestyle\",\"description\":\"SHOE ! STYLES\",\"publisher\":{\"@id\":\"https:\/\/www.schuh-germann.de\/blog\/#organization\"},\"potentialAction\":[{\"@type\":\"SearchAction\",\"target\":{\"@type\":\"EntryPoint\",\"urlTemplate\":\"https:\/\/www.schuh-germann.de\/blog\/?s={search_term_string}\"},\"query-input\":\"required name=search_term_string\"}],\"inLanguage\":\"de-DE\"},{\"@type\":\"ImageObject\",\"@id\":\"https:\/\/www.schuh-germann.de\/blog\/keine-angst-vor-kalten-fuessen\/#primaryimage\",\"inLanguage\":\"de-DE\",\"url\":\"https:\/\/www.schuh-germann.de\/blog\/wp-content\/uploads\/2021\/12\/Test_shutterstock_510911911-scaled.jpg\",\"contentUrl\":\"https:\/\/www.schuh-germann.de\/blog\/wp-content\/uploads\/2021\/12\/Test_shutterstock_510911911-scaled.jpg\",\"width\":2560,\"height\":1258},{\"@type\":\"WebPage\",\"@id\":\"https:\/\/www.schuh-germann.de\/blog\/keine-angst-vor-kalten-fuessen\/#webpage\",\"url\":\"https:\/\/www.schuh-germann.de\/blog\/keine-angst-vor-kalten-fuessen\/\",\"name\":\"Keine Angst vor kalten F\\u00fc\\u00dfen! - Fashion &amp; Lifestyle\",\"isPartOf\":{\"@id\":\"https:\/\/www.schuh-germann.de\/blog\/#website\"},\"primaryImageOfPage\":{\"@id\":\"https:\/\/www.schuh-germann.de\/blog\/keine-angst-vor-kalten-fuessen\/#primaryimage\"},\"datePublished\":\"2021-12-16T08:53:44+00:00\",\"dateModified\":\"2021-12-17T07:56:01+00:00\",\"breadcrumb\":{\"@id\":\"https:\/\/www.schuh-germann.de\/blog\/keine-angst-vor-kalten-fuessen\/#breadcrumb\"},\"inLanguage\":\"de-DE\",\"potentialAction\":[{\"@type\":\"ReadAction\",\"target\":[\"https:\/\/www.schuh-germann.de\/blog\/keine-angst-vor-kalten-fuessen\/\"]}]},{\"@type\":\"BreadcrumbList\",\"@id\":\"https:\/\/www.schuh-germann.de\/blog\/keine-angst-vor-kalten-fuessen\/#breadcrumb\",\"itemListElement\":[{\"@type\":\"ListItem\",\"position\":1,\"name\":\"Startseite\",\"item\":\"https:\/\/www.schuh-germann.de\/blog\/\"},{\"@type\":\"ListItem\",\"position\":2,\"name\":\"Keine Angst vor kalten F\\u00fc\\u00dfen!\"}]},{\"@type\":[\"Article\",\"NewsArticle\"],\"@id\":\"https:\/\/www.schuh-germann.de\/blog\/keine-angst-vor-kalten-fuessen\/#article\",\"isPartOf\":{\"@id\":\"https:\/\/www.schuh-germann.de\/blog\/keine-angst-vor-kalten-fuessen\/#webpage\"},\"author\":{\"@id\":\"https:\/\/www.schuh-germann.de\/blog\/#\/schema\/person\/2c78ced8e35f47c19279a3a2f98da03b\"},\"headline\":\"Keine Angst vor kalten F\\u00fc\\u00dfen!\",\"datePublished\":\"2021-12-16T08:53:44+00:00\",\"dateModified\":\"2021-12-17T07:56:01+00:00\",\"mainEntityOfPage\":{\"@id\":\"https:\/\/www.schuh-germann.de\/blog\/keine-angst-vor-kalten-fuessen\/#webpage\"},\"wordCount\":250,\"commentCount\":0,\"publisher\":{\"@id\":\"https:\/\/www.schuh-germann.de\/blog\/#organization\"},\"image\":{\"@id\":\"https:\/\/www.schuh-germann.de\/blog\/keine-angst-vor-kalten-fuessen\/#primaryimage\"},\"thumbnailUrl\":\"https:\/\/www.schuh-germann.de\/blog\/wp-content\/uploads\/2021\/12\/Test_shutterstock_510911911-scaled.jpg\",\"inLanguage\":\"de-DE\",\"potentialAction\":[{\"@type\":\"CommentAction\",\"name\":\"Comment\",\"target\":[\"https:\/\/www.schuh-germann.de\/blog\/keine-angst-vor-kalten-fuessen\/#respond\"]}],\"copyrightYear\":\"2021\",\"copyrightHolder\":{\"@id\":\"https:\/\/www.schuh-germann.de\/blog\/#organization\"}},{\"@type\":\"Person\",\"@id\":\"https:\/\/www.schuh-germann.de\/blog\/#\/schema\/person\/2c78ced8e35f47c19279a3a2f98da03b\",\"name\":\"Schuh Germann\",\"image\":{\"@type\":\"ImageObject\",\"@id\":\"https:\/\/www.schuh-germann.de\/blog\/#personlogo\",\"inLanguage\":\"de-DE\",\"url\":\"https:\/\/secure.gravatar.com\/avatar\/d76d226f119bb70e9f5333d1910df36f?s=96&d=mm&r=g\",\"contentUrl\":\"https:\/\/secure.gravatar.com\/avatar\/d76d226f119bb70e9f5333d1910df36f?s=96&d=mm&r=g\",\"caption\":\"Schuh Germann\"},\"sameAs\":[\"https:\/\/www.schuh-germann.de\/\"],\"url\":\"https:\/\/www.schuh-germann.de\/blog\/author\/schuh-germann\/\"}]}<\/script>\n<!-- \/ Yoast SEO Premium plugin. -->","yoast_head_json":{"robots":{"index":"index","follow":"follow","max-snippet":"max-snippet:-1","max-image-preview":"max-image-preview:large","max-video-preview":"max-video-preview:-1"},"canonical":"https:\/\/www.schuh-germann.de\/blog\/keine-angst-vor-kalten-fuessen\/","og_locale":"de_DE","og_type":"article","og_title":"Keine Angst vor kalten F\u00fc\u00dfen! - Fashion &amp; Lifestyle","og_description":"Hausschuhe zum Verlieben &#8211; edel, kuschelig und warm. Wir zeigen Euch eine kleine Auswahl toller Modelle f\u00fcr Damen. Winter!Schnee, K\u00e4lte, Matsch, Schmuddelwetter. Wenn man den ganzen Tag unterwegs ist, bei der Arbeit, beim Einkaufen oder vielleicht mit dem Hund raus muss,kann es jetzt ganz sch\u00f6n ungem\u00fctlich sein.Durchgefroren, mit kalten, klammen H\u00e4nden und F\u00fc\u00dfen, kommt man [&hellip;]","og_url":"https:\/\/www.schuh-germann.de\/blog\/keine-angst-vor-kalten-fuessen\/","og_site_name":"Fashion &amp; Lifestyle","article_publisher":"https:\/\/www.facebook.com\/schuh.germann\/","article_published_time":"2021-12-16T08:53:44+00:00","article_modified_time":"2021-12-17T07:56:01+00:00","og_image":[{"width":2560,"height":1258,"url":"https:\/\/www.schuh-germann.de\/blog\/wp-content\/uploads\/2021\/12\/Test_shutterstock_510911911-scaled.jpg","path":"\/var\/www\/html\/blog\/wp-content\/uploads\/2021\/12\/Test_shutterstock_510911911-scaled.jpg","size":"full","id":2119,"alt":"","pixels":3220480,"type":"image\/jpeg"}],"twitter_card":"summary","twitter_misc":{"Verfasst von":"Schuh Germann","Gesch\u00e4tzte Lesezeit":"2 Minuten"},"schema":{"@context":"https:\/\/schema.org","@graph":[{"@type":["Organization","Place"],"@id":"https:\/\/www.schuh-germann.de\/blog\/#organization","name":"Schuh Germann GmbH","url":"https:\/\/www.schuh-germann.de\/blog\/","sameAs":["https:\/\/www.facebook.com\/schuh.germann\/","https:\/\/www.instagram.com\/schuhgermann\/"],"logo":{"@type":"ImageObject","@id":"https:\/\/www.schuh-germann.de\/blog\/#logo","inLanguage":"de-DE","url":"https:\/\/www.schuh-germann.de\/blog\/wp-content\/uploads\/2017\/03\/germann_logo_rot.png","contentUrl":"https:\/\/www.schuh-germann.de\/blog\/wp-content\/uploads\/2017\/03\/germann_logo_rot.png","width":460,"height":189,"caption":"Schuh Germann GmbH"},"image":{"@id":"https:\/\/www.schuh-germann.de\/blog\/#logo"},"mainEntityOfPage":{"@id":"https:\/\/www.schuh-germann.de\/blog\/keine-angst-vor-kalten-fuessen\/#webpage"}},{"@type":"WebSite","@id":"https:\/\/www.schuh-germann.de\/blog\/#website","url":"https:\/\/www.schuh-germann.de\/blog\/","name":"Fashion &amp; Lifestyle","description":"SHOE ! STYLES","publisher":{"@id":"https:\/\/www.schuh-germann.de\/blog\/#organization"},"potentialAction":[{"@type":"SearchAction","target":{"@type":"EntryPoint","urlTemplate":"https:\/\/www.schuh-germann.de\/blog\/?s={search_term_string}"},"query-input":"required name=search_term_string"}],"inLanguage":"de-DE"},{"@type":"ImageObject","@id":"https:\/\/www.schuh-germann.de\/blog\/keine-angst-vor-kalten-fuessen\/#primaryimage","inLanguage":"de-DE","url":"https:\/\/www.schuh-germann.de\/blog\/wp-content\/uploads\/2021\/12\/Test_shutterstock_510911911-scaled.jpg","contentUrl":"https:\/\/www.schuh-germann.de\/blog\/wp-content\/uploads\/2021\/12\/Test_shutterstock_510911911-scaled.jpg","width":2560,"height":1258},{"@type":"WebPage","@id":"https:\/\/www.schuh-germann.de\/blog\/keine-angst-vor-kalten-fuessen\/#webpage","url":"https:\/\/www.schuh-germann.de\/blog\/keine-angst-vor-kalten-fuessen\/","name":"Keine Angst vor kalten F\u00fc\u00dfen! - Fashion &amp; Lifestyle","isPartOf":{"@id":"https:\/\/www.schuh-germann.de\/blog\/#website"},"primaryImageOfPage":{"@id":"https:\/\/www.schuh-germann.de\/blog\/keine-angst-vor-kalten-fuessen\/#primaryimage"},"datePublished":"2021-12-16T08:53:44+00:00","dateModified":"2021-12-17T07:56:01+00:00","breadcrumb":{"@id":"https:\/\/www.schuh-germann.de\/blog\/keine-angst-vor-kalten-fuessen\/#breadcrumb"},"inLanguage":"de-DE","potentialAction":[{"@type":"ReadAction","target":["https:\/\/www.schuh-germann.de\/blog\/keine-angst-vor-kalten-fuessen\/"]}]},{"@type":"BreadcrumbList","@id":"https:\/\/www.schuh-germann.de\/blog\/keine-angst-vor-kalten-fuessen\/#breadcrumb","itemListElement":[{"@type":"ListItem","position":1,"name":"Startseite","item":"https:\/\/www.schuh-germann.de\/blog\/"},{"@type":"ListItem","position":2,"name":"Keine Angst vor kalten F\u00fc\u00dfen!"}]},{"@type":["Article","NewsArticle"],"@id":"https:\/\/www.schuh-germann.de\/blog\/keine-angst-vor-kalten-fuessen\/#article","isPartOf":{"@id":"https:\/\/www.schuh-germann.de\/blog\/keine-angst-vor-kalten-fuessen\/#webpage"},"author":{"@id":"https:\/\/www.schuh-germann.de\/blog\/#\/schema\/person\/2c78ced8e35f47c19279a3a2f98da03b"},"headline":"Keine Angst vor kalten F\u00fc\u00dfen!","datePublished":"2021-12-16T08:53:44+00:00","dateModified":"2021-12-17T07:56:01+00:00","mainEntityOfPage":{"@id":"https:\/\/www.schuh-germann.de\/blog\/keine-angst-vor-kalten-fuessen\/#webpage"},"wordCount":250,"commentCount":0,"publisher":{"@id":"https:\/\/www.schuh-germann.de\/blog\/#organization"},"image":{"@id":"https:\/\/www.schuh-germann.de\/blog\/keine-angst-vor-kalten-fuessen\/#primaryimage"},"thumbnailUrl":"https:\/\/www.schuh-germann.de\/blog\/wp-content\/uploads\/2021\/12\/Test_shutterstock_510911911-scaled.jpg","inLanguage":"de-DE","potentialAction":[{"@type":"CommentAction","name":"Comment","target":["https:\/\/www.schuh-germann.de\/blog\/keine-angst-vor-kalten-fuessen\/#respond"]}],"copyrightYear":"2021","copyrightHolder":{"@id":"https:\/\/www.schuh-germann.de\/blog\/#organization"}},{"@type":"Person","@id":"https:\/\/www.schuh-germann.de\/blog\/#\/schema\/person\/2c78ced8e35f47c19279a3a2f98da03b","name":"Schuh Germann","image":{"@type":"ImageObject","@id":"https:\/\/www.schuh-germann.de\/blog\/#personlogo","inLanguage":"de-DE","url":"https:\/\/secure.gravatar.com\/avatar\/d76d226f119bb70e9f5333d1910df36f?s=96&d=mm&r=g","contentUrl":"https:\/\/secure.gravatar.com\/avatar\/d76d226f119bb70e9f5333d1910df36f?s=96&d=mm&r=g","caption":"Schuh Germann"},"sameAs":["https:\/\/www.schuh-germann.de\/"],"url":"https:\/\/www.schuh-germann.de\/blog\/author\/schuh-germann\/"}]}},"_links":{"self":[{"href":"https:\/\/www.schuh-germann.de\/blog\/wp-json\/wp\/v2\/posts\/2103"}],"collection":[{"href":"https:\/\/www.schuh-germann.de\/blog\/wp-json\/wp\/v2\/posts"}],"about":[{"href":"https:\/\/www.schuh-germann.de\/blog\/wp-json\/wp\/v2\/types\/post"}],"author":[{"embeddable":true,"href":"https:\/\/www.schuh-germann.de\/blog\/wp-json\/wp\/v2\/users\/2"}],"replies":[{"embeddable":true,"href":"https:\/\/www.schuh-germann.de\/blog\/wp-json\/wp\/v2\/comments?post=2103"}],"version-history":[{"count":19,"href":"https:\/\/www.schuh-germann.de\/blog\/wp-json\/wp\/v2\/posts\/2103\/revisions"}],"predecessor-version":[{"id":2126,"href":"https:\/\/www.schuh-germann.de\/blog\/wp-json\/wp\/v2\/posts\/2103\/revisions\/2126"}],"wp:featuredmedia":[{"embeddable":true,"href":"https:\/\/www.schuh-germann.de\/blog\/wp-json\/wp\/v2\/media\/2119"}],"wp:attachment":[{"href":"https:\/\/www.schuh-germann.de\/blog\/wp-json\/wp\/v2\/media?parent=2103"}],"wp:term":[{"taxonomy":"category","embeddable":true,"href":"https:\/\/www.schuh-germann.de\/blog\/wp-json\/wp\/v2\/categories?post=2103"},{"taxonomy":"post_tag","embeddable":true,"href":"https:\/\/www.schuh-germann.de\/blog\/wp-json\/wp\/v2\/tags?post=2103"}],"curies":[{"name":"wp","href":"https:\/\/api.w.org\/{rel}","templated":true}]}}