{"id":2030,"date":"2021-08-06T10:29:58","date_gmt":"2021-08-06T08:29:58","guid":{"rendered":"https:\/\/www.schuh-germann.de\/blog\/?p=2030"},"modified":"2021-08-06T10:29:59","modified_gmt":"2021-08-06T08:29:59","slug":"ein-grosser-tag-einschulung","status":"publish","type":"post","link":"https:\/\/www.schuh-germann.de\/blog\/ein-grosser-tag-einschulung\/","title":{"rendered":"Ein gro\u00dfer Tag &#8211; Einschulung!"},"content":{"rendered":"\n<p>Bald ist es wieder so weit&#8230; die Sommerferien gehen zu Ende,<br>der 1. Schultag steht vor der T\u00fcr.<\/p>\n\n\n\n<p>Egal um welches Schuljahr es sich handelt, der Neustart nach den Ferien ist f\u00fcr alle immer wieder aufregend.<\/p>\n\n\n\n<p>In den Wochen zuvor sind schon viele Dinge erledigt worden:<br>Schulranzen und M\u00e4ppchen wurden besorgt, B\u00fccher und Hefte, Stifte und Malkasten eingekauft. <br>Die Schult\u00fcte gebastelt oder gekauft und mit S\u00fc\u00dfigkeiten und kleinen Geschenken gef\u00fcllt.<\/p>\n\n\n\n<h4 id=\"h-alles-f-r-den-schulanfang-sportschuhe-und-co\">Alles f\u00fcr den Schulanfang: Sportschuhe und Co.<\/h4>\n\n\n\n<p>In manchen Grundschulen geh\u00f6ren Hausschuhe zur Grundausstattung.<br>Hier sollte man auf eine gute Passform und auf eine stabile, rutschfeste Sohle achten.<br>Damit bewegen sich die Kinder sicher im Schulgeb\u00e4ude und im Treppenhaus.<br>Klettverschl\u00fcsse erm\u00f6glichen ein schnelles An- und Ausziehen.<\/p>\n\n\n\n<p>F\u00fcr den Sportunterricht geh\u00f6ren neben der Turnbekleidung eine Sporttasche oder ein Turnbeutel zur Grundausstattung.<br>Ganz wichtig sind die richtigen Sportschuhe!<\/p>\n\n\n\n<figure class=\"wp-block-image size-large is-resized\"><img loading=\"lazy\" src=\"https:\/\/www.schuh-germann.de\/blog\/wp-content\/uploads\/2021\/07\/Sport-1.jpg\" alt=\"\" class=\"wp-image-2046\" width=\"722\" height=\"142\"\/><\/figure>\n\n\n\n<p>Sie unterst\u00fctzen bei jeglicher Aktivit\u00e4t und sch\u00fctzen und st\u00fctzen die wachsenden Kinderf\u00fc\u00dfe optimal. Sportschuhe m\u00fcssen stabil sein und guten Halt geben. So dass beim Training auf dem Platz oder in der Halle keine Verletzungen entstehen k\u00f6nnen. Auch ein weiches Innenleben ist wichtig, damit der Komfort nicht zu kurz kommt. <\/p>\n\n\n\n<h4 id=\"h-was-tr-gt-man-am-1-schultag\">Was tr\u00e4gt man am 1. Schultag?<\/h4>\n\n\n\n<p>Das Outfit f\u00fcr den Schulanfang sollte vor allem bequem sein &#8211; und nicht zuletzt auch cool;<br>so k\u00f6nnen die Kinder selbstsicher und fr\u00f6hlich in diesen Tag starten.<br>Nat\u00fcrlich darf es etwas schicker sein &#8211; schlie\u00dflich ist das ein gro\u00dfer Tag f\u00fcr die Kinder.<br>Dennoch sollte man die Modelle so ausw\u00e4hlen, dass die Kids sie auch im Schulalltag gut tragen k\u00f6nnen.<br>Sneaker f\u00fcr Jungs und M\u00e4dchen sind der Dauerbrenner.<br>Sie machen alles mit und sind die idealen Alltagsbegleiter &#8211; egal ob auf dem Schulweg oder beim Toben und Spielen auf dem Schulhof. Sie sind bequem und strapazierf\u00e4hig und geben den Kinderf\u00fc\u00dfen guten Halt.<\/p>\n\n\n\n<figure class=\"wp-block-image size-large is-resized\"><img loading=\"lazy\" src=\"https:\/\/www.schuh-germann.de\/blog\/wp-content\/uploads\/2021\/07\/Sneaker2.jpg\" alt=\"\" class=\"wp-image-2043\" width=\"727\" height=\"143\"\/><\/figure>\n\n\n\n<p>Sehr angesagt sind auch die witzigen &#8222;Blinkies&#8220; &#8211; Schuhe mit kleinen LEDs in der Sohle, die bei jedem Schritt leuchten.<\/p>\n\n\n\n<p>F\u00fcr M\u00e4dchen die vielleicht am ersten Schultag ganz schick ein Kleidchen tragen m\u00f6chten,<br>gibt es eine gro\u00dfe Auswahl h\u00fcbscher Ballerinas oder Sandalen.<br>Auch die robusten Outdoor-Sandalen f\u00fcr Jungs und M\u00e4dchen sollte man mit in die Planung einflie\u00dfen lassen.<\/p>\n\n\n\n<figure class=\"wp-block-image size-large is-resized\"><img loading=\"lazy\" src=\"https:\/\/www.schuh-germann.de\/blog\/wp-content\/uploads\/2021\/07\/Sneaker.jpg\" alt=\"\" class=\"wp-image-2040\" width=\"735\" height=\"145\"\/><\/figure>\n\n\n\n<p><\/p>\n\n\n\n<p>St\u00f6bern Sie einfach auf unserer Homepage www.schuh-germann.de<\/p>\n\n\n\n<p>Wir haben eine riesige Auswahl an Markenschuhe f\u00fcr Jungs und M\u00e4dchen.  <\/p>\n","protected":false},"excerpt":{"rendered":"<p>Bald ist es wieder so weit&#8230; die Sommerferien gehen zu Ende,der 1. Schultag steht vor der T\u00fcr. Egal um welches Schuljahr es sich handelt, der Neustart nach den Ferien ist f\u00fcr alle immer wieder aufregend. In den Wochen zuvor sind schon viele Dinge erledigt worden:Schulranzen und M\u00e4ppchen wurden besorgt, B\u00fccher und Hefte, Stifte und Malkasten [&hellip;]<\/p>\n","protected":false},"author":6,"featured_media":2035,"comment_status":"open","ping_status":"open","sticky":false,"template":"","format":"standard","meta":[],"categories":[1],"tags":[],"yoast_head":"<!-- This site is optimized with the Yoast SEO Premium plugin v16.1 (Yoast SEO v16.8) - https:\/\/yoast.com\/wordpress\/plugins\/seo\/ -->\n<meta name=\"robots\" content=\"index, follow, max-snippet:-1, max-image-preview:large, max-video-preview:-1\" \/>\n<link rel=\"canonical\" href=\"https:\/\/www.schuh-germann.de\/blog\/ein-grosser-tag-einschulung\/\" \/>\n<meta property=\"og:locale\" content=\"de_DE\" \/>\n<meta property=\"og:type\" content=\"article\" \/>\n<meta property=\"og:title\" content=\"Ein gro\u00dfer Tag - Einschulung! - Fashion &amp; Lifestyle\" \/>\n<meta property=\"og:description\" content=\"Bald ist es wieder so weit&#8230; die Sommerferien gehen zu Ende,der 1. Schultag steht vor der T\u00fcr. Egal um welches Schuljahr es sich handelt, der Neustart nach den Ferien ist f\u00fcr alle immer wieder aufregend. In den Wochen zuvor sind schon viele Dinge erledigt worden:Schulranzen und M\u00e4ppchen wurden besorgt, B\u00fccher und Hefte, Stifte und Malkasten [&hellip;]\" \/>\n<meta property=\"og:url\" content=\"https:\/\/www.schuh-germann.de\/blog\/ein-grosser-tag-einschulung\/\" \/>\n<meta property=\"og:site_name\" content=\"Fashion &amp; Lifestyle\" \/>\n<meta property=\"article:publisher\" content=\"https:\/\/www.facebook.com\/schuh.germann\/\" \/>\n<meta property=\"article:published_time\" content=\"2021-08-06T08:29:58+00:00\" \/>\n<meta property=\"article:modified_time\" content=\"2021-08-06T08:29:59+00:00\" \/>\n<meta property=\"og:image\" content=\"https:\/\/www.schuh-germann.de\/blog\/wp-content\/uploads\/2021\/07\/Test-shutterstock_348317816-scaled.jpg\" \/>\n\t<meta property=\"og:image:width\" content=\"2560\" \/>\n\t<meta property=\"og:image:height\" content=\"1599\" \/>\n<meta name=\"twitter:card\" content=\"summary\" \/>\n<meta name=\"twitter:label1\" content=\"Verfasst von\" \/>\n\t<meta name=\"twitter:data1\" content=\"Bettina &amp; Silke\" \/>\n\t<meta name=\"twitter:label2\" content=\"Gesch\u00e4tzte Lesezeit\" \/>\n\t<meta name=\"twitter:data2\" content=\"3 Minuten\" \/>\n<script type=\"application\/ld+json\" class=\"yoast-schema-graph\">{\"@context\":\"https:\/\/schema.org\",\"@graph\":[{\"@type\":[\"Organization\",\"Place\"],\"@id\":\"https:\/\/www.schuh-germann.de\/blog\/#organization\",\"name\":\"Schuh Germann GmbH\",\"url\":\"https:\/\/www.schuh-germann.de\/blog\/\",\"sameAs\":[\"https:\/\/www.facebook.com\/schuh.germann\/\",\"https:\/\/www.instagram.com\/schuhgermann\/\"],\"logo\":{\"@type\":\"ImageObject\",\"@id\":\"https:\/\/www.schuh-germann.de\/blog\/#logo\",\"inLanguage\":\"de-DE\",\"url\":\"https:\/\/www.schuh-germann.de\/blog\/wp-content\/uploads\/2017\/03\/germann_logo_rot.png\",\"contentUrl\":\"https:\/\/www.schuh-germann.de\/blog\/wp-content\/uploads\/2017\/03\/germann_logo_rot.png\",\"width\":460,\"height\":189,\"caption\":\"Schuh Germann GmbH\"},\"image\":{\"@id\":\"https:\/\/www.schuh-germann.de\/blog\/#logo\"},\"mainEntityOfPage\":{\"@id\":\"https:\/\/www.schuh-germann.de\/blog\/ein-grosser-tag-einschulung\/#webpage\"}},{\"@type\":\"WebSite\",\"@id\":\"https:\/\/www.schuh-germann.de\/blog\/#website\",\"url\":\"https:\/\/www.schuh-germann.de\/blog\/\",\"name\":\"Fashion &amp; Lifestyle\",\"description\":\"SHOE ! STYLES\",\"publisher\":{\"@id\":\"https:\/\/www.schuh-germann.de\/blog\/#organization\"},\"potentialAction\":[{\"@type\":\"SearchAction\",\"target\":{\"@type\":\"EntryPoint\",\"urlTemplate\":\"https:\/\/www.schuh-germann.de\/blog\/?s={search_term_string}\"},\"query-input\":\"required name=search_term_string\"}],\"inLanguage\":\"de-DE\"},{\"@type\":\"ImageObject\",\"@id\":\"https:\/\/www.schuh-germann.de\/blog\/ein-grosser-tag-einschulung\/#primaryimage\",\"inLanguage\":\"de-DE\",\"url\":\"https:\/\/www.schuh-germann.de\/blog\/wp-content\/uploads\/2021\/07\/Test-shutterstock_348317816-scaled.jpg\",\"contentUrl\":\"https:\/\/www.schuh-germann.de\/blog\/wp-content\/uploads\/2021\/07\/Test-shutterstock_348317816-scaled.jpg\",\"width\":2560,\"height\":1599},{\"@type\":\"WebPage\",\"@id\":\"https:\/\/www.schuh-germann.de\/blog\/ein-grosser-tag-einschulung\/#webpage\",\"url\":\"https:\/\/www.schuh-germann.de\/blog\/ein-grosser-tag-einschulung\/\",\"name\":\"Ein gro\\u00dfer Tag - Einschulung! - Fashion &amp; Lifestyle\",\"isPartOf\":{\"@id\":\"https:\/\/www.schuh-germann.de\/blog\/#website\"},\"primaryImageOfPage\":{\"@id\":\"https:\/\/www.schuh-germann.de\/blog\/ein-grosser-tag-einschulung\/#primaryimage\"},\"datePublished\":\"2021-08-06T08:29:58+00:00\",\"dateModified\":\"2021-08-06T08:29:59+00:00\",\"breadcrumb\":{\"@id\":\"https:\/\/www.schuh-germann.de\/blog\/ein-grosser-tag-einschulung\/#breadcrumb\"},\"inLanguage\":\"de-DE\",\"potentialAction\":[{\"@type\":\"ReadAction\",\"target\":[\"https:\/\/www.schuh-germann.de\/blog\/ein-grosser-tag-einschulung\/\"]}]},{\"@type\":\"BreadcrumbList\",\"@id\":\"https:\/\/www.schuh-germann.de\/blog\/ein-grosser-tag-einschulung\/#breadcrumb\",\"itemListElement\":[{\"@type\":\"ListItem\",\"position\":1,\"name\":\"Startseite\",\"item\":\"https:\/\/www.schuh-germann.de\/blog\/\"},{\"@type\":\"ListItem\",\"position\":2,\"name\":\"Ein gro\\u00dfer Tag &#8211; Einschulung!\"}]},{\"@type\":[\"Article\",\"NewsArticle\"],\"@id\":\"https:\/\/www.schuh-germann.de\/blog\/ein-grosser-tag-einschulung\/#article\",\"isPartOf\":{\"@id\":\"https:\/\/www.schuh-germann.de\/blog\/ein-grosser-tag-einschulung\/#webpage\"},\"author\":{\"@id\":\"https:\/\/www.schuh-germann.de\/blog\/#\/schema\/person\/d743edb61a6b16afe95a8e786fb78a98\"},\"headline\":\"Ein gro\\u00dfer Tag &#8211; Einschulung!\",\"datePublished\":\"2021-08-06T08:29:58+00:00\",\"dateModified\":\"2021-08-06T08:29:59+00:00\",\"mainEntityOfPage\":{\"@id\":\"https:\/\/www.schuh-germann.de\/blog\/ein-grosser-tag-einschulung\/#webpage\"},\"wordCount\":421,\"commentCount\":0,\"publisher\":{\"@id\":\"https:\/\/www.schuh-germann.de\/blog\/#organization\"},\"image\":{\"@id\":\"https:\/\/www.schuh-germann.de\/blog\/ein-grosser-tag-einschulung\/#primaryimage\"},\"thumbnailUrl\":\"https:\/\/www.schuh-germann.de\/blog\/wp-content\/uploads\/2021\/07\/Test-shutterstock_348317816-scaled.jpg\",\"inLanguage\":\"de-DE\",\"potentialAction\":[{\"@type\":\"CommentAction\",\"name\":\"Comment\",\"target\":[\"https:\/\/www.schuh-germann.de\/blog\/ein-grosser-tag-einschulung\/#respond\"]}],\"copyrightYear\":\"2021\",\"copyrightHolder\":{\"@id\":\"https:\/\/www.schuh-germann.de\/blog\/#organization\"}},{\"@type\":\"Person\",\"@id\":\"https:\/\/www.schuh-germann.de\/blog\/#\/schema\/person\/d743edb61a6b16afe95a8e786fb78a98\",\"name\":\"Bettina &amp; Silke\",\"image\":{\"@type\":\"ImageObject\",\"@id\":\"https:\/\/www.schuh-germann.de\/blog\/#personlogo\",\"inLanguage\":\"de-DE\",\"url\":\"https:\/\/secure.gravatar.com\/avatar\/adb8a3ab9d03df5d064750b71f39594a?s=96&d=mm&r=g\",\"contentUrl\":\"https:\/\/secure.gravatar.com\/avatar\/adb8a3ab9d03df5d064750b71f39594a?s=96&d=mm&r=g\",\"caption\":\"Bettina &amp; Silke\"},\"url\":\"https:\/\/www.schuh-germann.de\/blog\/author\/claudia\/\"}]}<\/script>\n<!-- \/ Yoast SEO Premium plugin. -->","yoast_head_json":{"robots":{"index":"index","follow":"follow","max-snippet":"max-snippet:-1","max-image-preview":"max-image-preview:large","max-video-preview":"max-video-preview:-1"},"canonical":"https:\/\/www.schuh-germann.de\/blog\/ein-grosser-tag-einschulung\/","og_locale":"de_DE","og_type":"article","og_title":"Ein gro\u00dfer Tag - Einschulung! - Fashion &amp; Lifestyle","og_description":"Bald ist es wieder so weit&#8230; die Sommerferien gehen zu Ende,der 1. Schultag steht vor der T\u00fcr. Egal um welches Schuljahr es sich handelt, der Neustart nach den Ferien ist f\u00fcr alle immer wieder aufregend. In den Wochen zuvor sind schon viele Dinge erledigt worden:Schulranzen und M\u00e4ppchen wurden besorgt, B\u00fccher und Hefte, Stifte und Malkasten [&hellip;]","og_url":"https:\/\/www.schuh-germann.de\/blog\/ein-grosser-tag-einschulung\/","og_site_name":"Fashion &amp; Lifestyle","article_publisher":"https:\/\/www.facebook.com\/schuh.germann\/","article_published_time":"2021-08-06T08:29:58+00:00","article_modified_time":"2021-08-06T08:29:59+00:00","og_image":[{"width":2560,"height":1599,"url":"https:\/\/www.schuh-germann.de\/blog\/wp-content\/uploads\/2021\/07\/Test-shutterstock_348317816-scaled.jpg","path":"\/var\/www\/html\/blog\/wp-content\/uploads\/2021\/07\/Test-shutterstock_348317816-scaled.jpg","size":"full","id":2035,"alt":"","pixels":4093440,"type":"image\/jpeg"}],"twitter_card":"summary","twitter_misc":{"Verfasst von":"Bettina &amp; Silke","Gesch\u00e4tzte Lesezeit":"3 Minuten"},"schema":{"@context":"https:\/\/schema.org","@graph":[{"@type":["Organization","Place"],"@id":"https:\/\/www.schuh-germann.de\/blog\/#organization","name":"Schuh Germann GmbH","url":"https:\/\/www.schuh-germann.de\/blog\/","sameAs":["https:\/\/www.facebook.com\/schuh.germann\/","https:\/\/www.instagram.com\/schuhgermann\/"],"logo":{"@type":"ImageObject","@id":"https:\/\/www.schuh-germann.de\/blog\/#logo","inLanguage":"de-DE","url":"https:\/\/www.schuh-germann.de\/blog\/wp-content\/uploads\/2017\/03\/germann_logo_rot.png","contentUrl":"https:\/\/www.schuh-germann.de\/blog\/wp-content\/uploads\/2017\/03\/germann_logo_rot.png","width":460,"height":189,"caption":"Schuh Germann GmbH"},"image":{"@id":"https:\/\/www.schuh-germann.de\/blog\/#logo"},"mainEntityOfPage":{"@id":"https:\/\/www.schuh-germann.de\/blog\/ein-grosser-tag-einschulung\/#webpage"}},{"@type":"WebSite","@id":"https:\/\/www.schuh-germann.de\/blog\/#website","url":"https:\/\/www.schuh-germann.de\/blog\/","name":"Fashion &amp; Lifestyle","description":"SHOE ! STYLES","publisher":{"@id":"https:\/\/www.schuh-germann.de\/blog\/#organization"},"potentialAction":[{"@type":"SearchAction","target":{"@type":"EntryPoint","urlTemplate":"https:\/\/www.schuh-germann.de\/blog\/?s={search_term_string}"},"query-input":"required name=search_term_string"}],"inLanguage":"de-DE"},{"@type":"ImageObject","@id":"https:\/\/www.schuh-germann.de\/blog\/ein-grosser-tag-einschulung\/#primaryimage","inLanguage":"de-DE","url":"https:\/\/www.schuh-germann.de\/blog\/wp-content\/uploads\/2021\/07\/Test-shutterstock_348317816-scaled.jpg","contentUrl":"https:\/\/www.schuh-germann.de\/blog\/wp-content\/uploads\/2021\/07\/Test-shutterstock_348317816-scaled.jpg","width":2560,"height":1599},{"@type":"WebPage","@id":"https:\/\/www.schuh-germann.de\/blog\/ein-grosser-tag-einschulung\/#webpage","url":"https:\/\/www.schuh-germann.de\/blog\/ein-grosser-tag-einschulung\/","name":"Ein gro\u00dfer Tag - Einschulung! - Fashion &amp; Lifestyle","isPartOf":{"@id":"https:\/\/www.schuh-germann.de\/blog\/#website"},"primaryImageOfPage":{"@id":"https:\/\/www.schuh-germann.de\/blog\/ein-grosser-tag-einschulung\/#primaryimage"},"datePublished":"2021-08-06T08:29:58+00:00","dateModified":"2021-08-06T08:29:59+00:00","breadcrumb":{"@id":"https:\/\/www.schuh-germann.de\/blog\/ein-grosser-tag-einschulung\/#breadcrumb"},"inLanguage":"de-DE","potentialAction":[{"@type":"ReadAction","target":["https:\/\/www.schuh-germann.de\/blog\/ein-grosser-tag-einschulung\/"]}]},{"@type":"BreadcrumbList","@id":"https:\/\/www.schuh-germann.de\/blog\/ein-grosser-tag-einschulung\/#breadcrumb","itemListElement":[{"@type":"ListItem","position":1,"name":"Startseite","item":"https:\/\/www.schuh-germann.de\/blog\/"},{"@type":"ListItem","position":2,"name":"Ein gro\u00dfer Tag &#8211; Einschulung!"}]},{"@type":["Article","NewsArticle"],"@id":"https:\/\/www.schuh-germann.de\/blog\/ein-grosser-tag-einschulung\/#article","isPartOf":{"@id":"https:\/\/www.schuh-germann.de\/blog\/ein-grosser-tag-einschulung\/#webpage"},"author":{"@id":"https:\/\/www.schuh-germann.de\/blog\/#\/schema\/person\/d743edb61a6b16afe95a8e786fb78a98"},"headline":"Ein gro\u00dfer Tag &#8211; Einschulung!","datePublished":"2021-08-06T08:29:58+00:00","dateModified":"2021-08-06T08:29:59+00:00","mainEntityOfPage":{"@id":"https:\/\/www.schuh-germann.de\/blog\/ein-grosser-tag-einschulung\/#webpage"},"wordCount":421,"commentCount":0,"publisher":{"@id":"https:\/\/www.schuh-germann.de\/blog\/#organization"},"image":{"@id":"https:\/\/www.schuh-germann.de\/blog\/ein-grosser-tag-einschulung\/#primaryimage"},"thumbnailUrl":"https:\/\/www.schuh-germann.de\/blog\/wp-content\/uploads\/2021\/07\/Test-shutterstock_348317816-scaled.jpg","inLanguage":"de-DE","potentialAction":[{"@type":"CommentAction","name":"Comment","target":["https:\/\/www.schuh-germann.de\/blog\/ein-grosser-tag-einschulung\/#respond"]}],"copyrightYear":"2021","copyrightHolder":{"@id":"https:\/\/www.schuh-germann.de\/blog\/#organization"}},{"@type":"Person","@id":"https:\/\/www.schuh-germann.de\/blog\/#\/schema\/person\/d743edb61a6b16afe95a8e786fb78a98","name":"Bettina &amp; Silke","image":{"@type":"ImageObject","@id":"https:\/\/www.schuh-germann.de\/blog\/#personlogo","inLanguage":"de-DE","url":"https:\/\/secure.gravatar.com\/avatar\/adb8a3ab9d03df5d064750b71f39594a?s=96&d=mm&r=g","contentUrl":"https:\/\/secure.gravatar.com\/avatar\/adb8a3ab9d03df5d064750b71f39594a?s=96&d=mm&r=g","caption":"Bettina &amp; Silke"},"url":"https:\/\/www.schuh-germann.de\/blog\/author\/claudia\/"}]}},"_links":{"self":[{"href":"https:\/\/www.schuh-germann.de\/blog\/wp-json\/wp\/v2\/posts\/2030"}],"collection":[{"href":"https:\/\/www.schuh-germann.de\/blog\/wp-json\/wp\/v2\/posts"}],"about":[{"href":"https:\/\/www.schuh-germann.de\/blog\/wp-json\/wp\/v2\/types\/post"}],"author":[{"embeddable":true,"href":"https:\/\/www.schuh-germann.de\/blog\/wp-json\/wp\/v2\/users\/6"}],"replies":[{"embeddable":true,"href":"https:\/\/www.schuh-germann.de\/blog\/wp-json\/wp\/v2\/comments?post=2030"}],"version-history":[{"count":13,"href":"https:\/\/www.schuh-germann.de\/blog\/wp-json\/wp\/v2\/posts\/2030\/revisions"}],"predecessor-version":[{"id":2049,"href":"https:\/\/www.schuh-germann.de\/blog\/wp-json\/wp\/v2\/posts\/2030\/revisions\/2049"}],"wp:featuredmedia":[{"embeddable":true,"href":"https:\/\/www.schuh-germann.de\/blog\/wp-json\/wp\/v2\/media\/2035"}],"wp:attachment":[{"href":"https:\/\/www.schuh-germann.de\/blog\/wp-json\/wp\/v2\/media?parent=2030"}],"wp:term":[{"taxonomy":"category","embeddable":true,"href":"https:\/\/www.schuh-germann.de\/blog\/wp-json\/wp\/v2\/categories?post=2030"},{"taxonomy":"post_tag","embeddable":true,"href":"https:\/\/www.schuh-germann.de\/blog\/wp-json\/wp\/v2\/tags?post=2030"}],"curies":[{"name":"wp","href":"https:\/\/api.w.org\/{rel}","templated":true}]}}