{"id":1954,"date":"2021-06-25T15:15:49","date_gmt":"2021-06-25T13:15:49","guid":{"rendered":"https:\/\/www.schuh-germann.de\/blog\/?p=1954"},"modified":"2021-06-25T15:15:50","modified_gmt":"2021-06-25T13:15:50","slug":"eine-revolution","status":"publish","type":"post","link":"https:\/\/www.schuh-germann.de\/blog\/eine-revolution\/","title":{"rendered":"Eine Revolution!"},"content":{"rendered":"<h2>UYN &#8211; Unleash Your Nature &#8211; Shoes<\/h2>\n<p><em>Nachhaltig ohne Ressourcenverschwendung,<\/em><br><em>in h\u00f6chster Qualit\u00e4t produziert, patentiert und ausgezeichnet.<\/em><\/p>\n\n\n<ul>\r\n<li class=\"wp-block-verse\"><strong>Stabil und Flexibel<\/strong> <br \/>Aus einem St\u00fcck gefertigt, k\u00f6nnen einzelne wichtige Zonen des Schuhs \u2013 wie z.B. Zehenbereich, Seiten oder Ferse \u2013 versteift werden, um beim Tragen die n\u00f6tige Stabilit\u00e4t zu geben. Der Schaft bleibt extrem elastisch und erm\u00f6glicht so ein spielend leichtes Anziehen.<\/li>\r\n<li><strong>Umweltfreundlich<\/strong><br \/>Die in einem Hightech-Maschinenpark entwickelte<br \/>Herstellungsmethode des Rundstrickverfahrens, erm\u00f6glicht<br \/>eine Produktion ohne Abfall. Die Schuhe sind auf das N\u00f6tigste reduziert,<br \/>aus einem St\u00fcck und ohne Abf\u00e4lle durch Verschnitt gefertigt.<br \/><br \/><img loading=\"lazy\" class=\"wp-image-1986  alignleft\" src=\"https:\/\/www.schuh-germann.de\/blog\/wp-content\/uploads\/2021\/06\/UYN4-300x225.jpg\" alt=\"\" width=\"387\" height=\"291\" srcset=\"https:\/\/www.schuh-germann.de\/blog\/wp-content\/uploads\/2021\/06\/UYN4-300x225.jpg 300w, https:\/\/www.schuh-germann.de\/blog\/wp-content\/uploads\/2021\/06\/UYN4-1024x768.jpg 1024w, https:\/\/www.schuh-germann.de\/blog\/wp-content\/uploads\/2021\/06\/UYN4-768x576.jpg 768w, https:\/\/www.schuh-germann.de\/blog\/wp-content\/uploads\/2021\/06\/UYN4-1536x1152.jpg 1536w, https:\/\/www.schuh-germann.de\/blog\/wp-content\/uploads\/2021\/06\/UYN4-560x420.jpg 560w, https:\/\/www.schuh-germann.de\/blog\/wp-content\/uploads\/2021\/06\/UYN4-80x60.jpg 80w, https:\/\/www.schuh-germann.de\/blog\/wp-content\/uploads\/2021\/06\/UYN4-100x75.jpg 100w, https:\/\/www.schuh-germann.de\/blog\/wp-content\/uploads\/2021\/06\/UYN4-180x135.jpg 180w, https:\/\/www.schuh-germann.de\/blog\/wp-content\/uploads\/2021\/06\/UYN4-238x178.jpg 238w, https:\/\/www.schuh-germann.de\/blog\/wp-content\/uploads\/2021\/06\/UYN4-640x480.jpg 640w, https:\/\/www.schuh-germann.de\/blog\/wp-content\/uploads\/2021\/06\/UYN4-681x511.jpg 681w, https:\/\/www.schuh-germann.de\/blog\/wp-content\/uploads\/2021\/06\/UYN4.jpg 2016w\" sizes=\"(max-width: 387px) 100vw, 387px\" \/><\/li>\r\n<li><strong>Merino Komfort<\/strong> <br \/>Die Fertigungsmethode MerinoSurround erlaubt es, die Innenseiten der Schuhe mit Merinowolle auszustatten, ganz egal, welches Material au\u00dfen angebracht ist. Merinowolle ist geruchshemmend und kann Feuchtigkeit optimal aufnehmen. Ideal, wenn Sie den Schuh barfu\u00df tragen m\u00f6chten.<br \/><br \/><\/li>\r\n<li class=\"wp-block-verse\"><strong>Wasserabweisend<\/strong> <br \/>Wasserabweisend und dennoch atmungsaktiv durch die einzigartige Fertigungsmethode mit Doppelmaterialkonstruktion. Ganz ohne Membrane. Gut f\u00fcr Sie und gut f\u00fcr die Umwelt.<br \/><br \/><\/li>\r\n<li><strong>Made in Italy<\/strong> <br \/>Produkte mit modernster Technologie. Im Fokus liegt Qualit\u00e4t, Funktion und Design bei jedem noch so kleinen Detail. Ausnahmslos &#8211; made in Italy.<\/li>\r\n<\/ul>\r\n<h3 style=\"text-align: center;\"><strong>UYN &#8211; jetzt bei SCHUH-Germann!<\/strong><\/h3>\r\n<h6 style=\"text-align: center;\">Auswahl Damen &#8211; Modelle:<\/h6>\r\n<h6 style=\"text-align: center;\"><a href=\"https:\/\/www.schuh-germann.de\/damen\/?p=1&amp;o=1&amp;n=48&amp;s=242\"><img loading=\"lazy\" class=\"alignnone wp-image-1992\" src=\"https:\/\/www.schuh-germann.de\/blog\/wp-content\/uploads\/2021\/06\/UYNwoman-1-300x224.jpg\" alt=\"UYN Modelle Frauen\" width=\"625\" height=\"467\" srcset=\"https:\/\/www.schuh-germann.de\/blog\/wp-content\/uploads\/2021\/06\/UYNwoman-1-300x224.jpg 300w, https:\/\/www.schuh-germann.de\/blog\/wp-content\/uploads\/2021\/06\/UYNwoman-1-564x420.jpg 564w, https:\/\/www.schuh-germann.de\/blog\/wp-content\/uploads\/2021\/06\/UYNwoman-1-80x60.jpg 80w, https:\/\/www.schuh-germann.de\/blog\/wp-content\/uploads\/2021\/06\/UYNwoman-1-100x75.jpg 100w, https:\/\/www.schuh-germann.de\/blog\/wp-content\/uploads\/2021\/06\/UYNwoman-1-180x135.jpg 180w, https:\/\/www.schuh-germann.de\/blog\/wp-content\/uploads\/2021\/06\/UYNwoman-1-238x178.jpg 238w, https:\/\/www.schuh-germann.de\/blog\/wp-content\/uploads\/2021\/06\/UYNwoman-1-640x477.jpg 640w, https:\/\/www.schuh-germann.de\/blog\/wp-content\/uploads\/2021\/06\/UYNwoman-1.jpg 1000w\" sizes=\"(max-width: 625px) 100vw, 625px\" \/><\/a><\/h6>\r\n<h6 style=\"text-align: center;\">Auswahl Herren &#8211; Modelle:<\/h6>\r\n<h3 style=\"text-align: center;\"><a href=\"https:\/\/www.schuh-germann.de\/herren\/?p=1&amp;o=1&amp;n=48&amp;s=242\"><strong><img loading=\"lazy\" class=\" wp-image-1993 alignleft\" src=\"https:\/\/www.schuh-germann.de\/blog\/wp-content\/uploads\/2021\/06\/UYNman-300x224.jpg\" alt=\"\" width=\"631\" height=\"471\" srcset=\"https:\/\/www.schuh-germann.de\/blog\/wp-content\/uploads\/2021\/06\/UYNman-300x224.jpg 300w, https:\/\/www.schuh-germann.de\/blog\/wp-content\/uploads\/2021\/06\/UYNman-768x572.jpg 768w, https:\/\/www.schuh-germann.de\/blog\/wp-content\/uploads\/2021\/06\/UYNman-564x420.jpg 564w, https:\/\/www.schuh-germann.de\/blog\/wp-content\/uploads\/2021\/06\/UYNman-80x60.jpg 80w, https:\/\/www.schuh-germann.de\/blog\/wp-content\/uploads\/2021\/06\/UYNman-100x75.jpg 100w, https:\/\/www.schuh-germann.de\/blog\/wp-content\/uploads\/2021\/06\/UYNman-180x135.jpg 180w, https:\/\/www.schuh-germann.de\/blog\/wp-content\/uploads\/2021\/06\/UYNman-238x178.jpg 238w, https:\/\/www.schuh-germann.de\/blog\/wp-content\/uploads\/2021\/06\/UYNman-640x477.jpg 640w, https:\/\/www.schuh-germann.de\/blog\/wp-content\/uploads\/2021\/06\/UYNman-681x507.jpg 681w, https:\/\/www.schuh-germann.de\/blog\/wp-content\/uploads\/2021\/06\/UYNman.jpg 1000w\" sizes=\"(max-width: 631px) 100vw, 631px\" \/><\/strong><\/a><\/h3>\r\n<h3>\u00a0<\/h3>\r\n<h3 style=\"text-align: center;\"><strong>UYN &#8211; Schuhe, die bewegen&#8230; jetzt shoppen bei <br \/><\/strong><a href=\"https:\/\/www.schuh-germann.de\/marken\/uyn\/\"><strong>www.schuh-germann.de<\/strong><\/a><\/h3>\n","protected":false},"excerpt":{"rendered":"<p>UYN &#8211; Unleash Your Nature &#8211; Shoes Nachhaltig ohne Ressourcenverschwendung,in h\u00f6chster Qualit\u00e4t produziert, patentiert und ausgezeichnet. Stabil und Flexibel Aus einem St\u00fcck gefertigt, k\u00f6nnen einzelne wichtige Zonen des Schuhs \u2013 wie z.B. Zehenbereich, Seiten oder Ferse \u2013 versteift werden, um beim Tragen die n\u00f6tige Stabilit\u00e4t zu geben. Der Schaft bleibt extrem elastisch und erm\u00f6glicht so [&hellip;]<\/p>\n","protected":false},"author":2,"featured_media":1957,"comment_status":"open","ping_status":"open","sticky":false,"template":"","format":"standard","meta":[],"categories":[1,6],"tags":[1428,1427,1426,228,1425],"yoast_head":"<!-- This site is optimized with the Yoast SEO Premium plugin v16.1 (Yoast SEO v16.8) - https:\/\/yoast.com\/wordpress\/plugins\/seo\/ -->\n<meta name=\"robots\" content=\"index, follow, max-snippet:-1, max-image-preview:large, max-video-preview:-1\" \/>\n<link rel=\"canonical\" href=\"https:\/\/www.schuh-germann.de\/blog\/eine-revolution\/\" \/>\n<meta property=\"og:locale\" content=\"de_DE\" \/>\n<meta property=\"og:type\" content=\"article\" \/>\n<meta property=\"og:title\" content=\"Eine Revolution! - Fashion &amp; Lifestyle\" \/>\n<meta property=\"og:description\" content=\"UYN &#8211; Unleash Your Nature &#8211; Shoes Nachhaltig ohne Ressourcenverschwendung,in h\u00f6chster Qualit\u00e4t produziert, patentiert und ausgezeichnet. Stabil und Flexibel Aus einem St\u00fcck gefertigt, k\u00f6nnen einzelne wichtige Zonen des Schuhs \u2013 wie z.B. Zehenbereich, Seiten oder Ferse \u2013 versteift werden, um beim Tragen die n\u00f6tige Stabilit\u00e4t zu geben. Der Schaft bleibt extrem elastisch und erm\u00f6glicht so [&hellip;]\" \/>\n<meta property=\"og:url\" content=\"https:\/\/www.schuh-germann.de\/blog\/eine-revolution\/\" \/>\n<meta property=\"og:site_name\" content=\"Fashion &amp; Lifestyle\" \/>\n<meta property=\"article:publisher\" content=\"https:\/\/www.facebook.com\/schuh.germann\/\" \/>\n<meta property=\"article:published_time\" content=\"2021-06-25T13:15:49+00:00\" \/>\n<meta property=\"article:modified_time\" content=\"2021-06-25T13:15:50+00:00\" \/>\n<meta property=\"og:image\" content=\"https:\/\/www.schuh-germann.de\/blog\/wp-content\/uploads\/2021\/06\/UYN2.jpg\" \/>\n\t<meta property=\"og:image:width\" content=\"1348\" \/>\n\t<meta property=\"og:image:height\" content=\"902\" \/>\n<meta name=\"twitter:card\" content=\"summary\" \/>\n<meta name=\"twitter:label1\" content=\"Verfasst von\" \/>\n\t<meta name=\"twitter:data1\" content=\"Schuh Germann\" \/>\n\t<meta name=\"twitter:label2\" content=\"Gesch\u00e4tzte Lesezeit\" \/>\n\t<meta name=\"twitter:data2\" content=\"2 Minuten\" \/>\n<script type=\"application\/ld+json\" class=\"yoast-schema-graph\">{\"@context\":\"https:\/\/schema.org\",\"@graph\":[{\"@type\":[\"Organization\",\"Place\"],\"@id\":\"https:\/\/www.schuh-germann.de\/blog\/#organization\",\"name\":\"Schuh Germann GmbH\",\"url\":\"https:\/\/www.schuh-germann.de\/blog\/\",\"sameAs\":[\"https:\/\/www.facebook.com\/schuh.germann\/\",\"https:\/\/www.instagram.com\/schuhgermann\/\"],\"logo\":{\"@type\":\"ImageObject\",\"@id\":\"https:\/\/www.schuh-germann.de\/blog\/#logo\",\"inLanguage\":\"de-DE\",\"url\":\"https:\/\/www.schuh-germann.de\/blog\/wp-content\/uploads\/2017\/03\/germann_logo_rot.png\",\"contentUrl\":\"https:\/\/www.schuh-germann.de\/blog\/wp-content\/uploads\/2017\/03\/germann_logo_rot.png\",\"width\":460,\"height\":189,\"caption\":\"Schuh Germann GmbH\"},\"image\":{\"@id\":\"https:\/\/www.schuh-germann.de\/blog\/#logo\"},\"mainEntityOfPage\":{\"@id\":\"https:\/\/www.schuh-germann.de\/blog\/eine-revolution\/#webpage\"}},{\"@type\":\"WebSite\",\"@id\":\"https:\/\/www.schuh-germann.de\/blog\/#website\",\"url\":\"https:\/\/www.schuh-germann.de\/blog\/\",\"name\":\"Fashion &amp; Lifestyle\",\"description\":\"SHOE ! STYLES\",\"publisher\":{\"@id\":\"https:\/\/www.schuh-germann.de\/blog\/#organization\"},\"potentialAction\":[{\"@type\":\"SearchAction\",\"target\":{\"@type\":\"EntryPoint\",\"urlTemplate\":\"https:\/\/www.schuh-germann.de\/blog\/?s={search_term_string}\"},\"query-input\":\"required name=search_term_string\"}],\"inLanguage\":\"de-DE\"},{\"@type\":\"ImageObject\",\"@id\":\"https:\/\/www.schuh-germann.de\/blog\/eine-revolution\/#primaryimage\",\"inLanguage\":\"de-DE\",\"url\":\"https:\/\/www.schuh-germann.de\/blog\/wp-content\/uploads\/2021\/06\/UYN2.jpg\",\"contentUrl\":\"https:\/\/www.schuh-germann.de\/blog\/wp-content\/uploads\/2021\/06\/UYN2.jpg\",\"width\":1348,\"height\":902},{\"@type\":\"WebPage\",\"@id\":\"https:\/\/www.schuh-germann.de\/blog\/eine-revolution\/#webpage\",\"url\":\"https:\/\/www.schuh-germann.de\/blog\/eine-revolution\/\",\"name\":\"Eine Revolution! - Fashion &amp; Lifestyle\",\"isPartOf\":{\"@id\":\"https:\/\/www.schuh-germann.de\/blog\/#website\"},\"primaryImageOfPage\":{\"@id\":\"https:\/\/www.schuh-germann.de\/blog\/eine-revolution\/#primaryimage\"},\"datePublished\":\"2021-06-25T13:15:49+00:00\",\"dateModified\":\"2021-06-25T13:15:50+00:00\",\"breadcrumb\":{\"@id\":\"https:\/\/www.schuh-germann.de\/blog\/eine-revolution\/#breadcrumb\"},\"inLanguage\":\"de-DE\",\"potentialAction\":[{\"@type\":\"ReadAction\",\"target\":[\"https:\/\/www.schuh-germann.de\/blog\/eine-revolution\/\"]}]},{\"@type\":\"BreadcrumbList\",\"@id\":\"https:\/\/www.schuh-germann.de\/blog\/eine-revolution\/#breadcrumb\",\"itemListElement\":[{\"@type\":\"ListItem\",\"position\":1,\"name\":\"Startseite\",\"item\":\"https:\/\/www.schuh-germann.de\/blog\/\"},{\"@type\":\"ListItem\",\"position\":2,\"name\":\"Eine Revolution!\"}]},{\"@type\":[\"Article\",\"NewsArticle\"],\"@id\":\"https:\/\/www.schuh-germann.de\/blog\/eine-revolution\/#article\",\"isPartOf\":{\"@id\":\"https:\/\/www.schuh-germann.de\/blog\/eine-revolution\/#webpage\"},\"author\":{\"@id\":\"https:\/\/www.schuh-germann.de\/blog\/#\/schema\/person\/2c78ced8e35f47c19279a3a2f98da03b\"},\"headline\":\"Eine Revolution!\",\"datePublished\":\"2021-06-25T13:15:49+00:00\",\"dateModified\":\"2021-06-25T13:15:50+00:00\",\"mainEntityOfPage\":{\"@id\":\"https:\/\/www.schuh-germann.de\/blog\/eine-revolution\/#webpage\"},\"wordCount\":212,\"commentCount\":0,\"publisher\":{\"@id\":\"https:\/\/www.schuh-germann.de\/blog\/#organization\"},\"image\":{\"@id\":\"https:\/\/www.schuh-germann.de\/blog\/eine-revolution\/#primaryimage\"},\"thumbnailUrl\":\"https:\/\/www.schuh-germann.de\/blog\/wp-content\/uploads\/2021\/06\/UYN2.jpg\",\"keywords\":[\"Komfort\",\"Merino\",\"nachhaltig\",\"sneaker\",\"UYN\"],\"articleSection\":{\"1\":\"Style Highlights\"},\"inLanguage\":\"de-DE\",\"potentialAction\":[{\"@type\":\"CommentAction\",\"name\":\"Comment\",\"target\":[\"https:\/\/www.schuh-germann.de\/blog\/eine-revolution\/#respond\"]}],\"copyrightYear\":\"2021\",\"copyrightHolder\":{\"@id\":\"https:\/\/www.schuh-germann.de\/blog\/#organization\"}},{\"@type\":\"Person\",\"@id\":\"https:\/\/www.schuh-germann.de\/blog\/#\/schema\/person\/2c78ced8e35f47c19279a3a2f98da03b\",\"name\":\"Schuh Germann\",\"image\":{\"@type\":\"ImageObject\",\"@id\":\"https:\/\/www.schuh-germann.de\/blog\/#personlogo\",\"inLanguage\":\"de-DE\",\"url\":\"https:\/\/secure.gravatar.com\/avatar\/d76d226f119bb70e9f5333d1910df36f?s=96&d=mm&r=g\",\"contentUrl\":\"https:\/\/secure.gravatar.com\/avatar\/d76d226f119bb70e9f5333d1910df36f?s=96&d=mm&r=g\",\"caption\":\"Schuh Germann\"},\"sameAs\":[\"https:\/\/www.schuh-germann.de\/\"],\"url\":\"https:\/\/www.schuh-germann.de\/blog\/author\/schuh-germann\/\"}]}<\/script>\n<!-- \/ Yoast SEO Premium plugin. -->","yoast_head_json":{"robots":{"index":"index","follow":"follow","max-snippet":"max-snippet:-1","max-image-preview":"max-image-preview:large","max-video-preview":"max-video-preview:-1"},"canonical":"https:\/\/www.schuh-germann.de\/blog\/eine-revolution\/","og_locale":"de_DE","og_type":"article","og_title":"Eine Revolution! - Fashion &amp; Lifestyle","og_description":"UYN &#8211; Unleash Your Nature &#8211; Shoes Nachhaltig ohne Ressourcenverschwendung,in h\u00f6chster Qualit\u00e4t produziert, patentiert und ausgezeichnet. Stabil und Flexibel Aus einem St\u00fcck gefertigt, k\u00f6nnen einzelne wichtige Zonen des Schuhs \u2013 wie z.B. Zehenbereich, Seiten oder Ferse \u2013 versteift werden, um beim Tragen die n\u00f6tige Stabilit\u00e4t zu geben. Der Schaft bleibt extrem elastisch und erm\u00f6glicht so [&hellip;]","og_url":"https:\/\/www.schuh-germann.de\/blog\/eine-revolution\/","og_site_name":"Fashion &amp; Lifestyle","article_publisher":"https:\/\/www.facebook.com\/schuh.germann\/","article_published_time":"2021-06-25T13:15:49+00:00","article_modified_time":"2021-06-25T13:15:50+00:00","og_image":[{"width":1348,"height":902,"url":"https:\/\/www.schuh-germann.de\/blog\/wp-content\/uploads\/2021\/06\/UYN2.jpg","path":"\/var\/www\/html\/blog\/wp-content\/uploads\/2021\/06\/UYN2.jpg","size":"full","id":1957,"alt":"","pixels":1215896,"type":"image\/jpeg"}],"twitter_card":"summary","twitter_misc":{"Verfasst von":"Schuh Germann","Gesch\u00e4tzte Lesezeit":"2 Minuten"},"schema":{"@context":"https:\/\/schema.org","@graph":[{"@type":["Organization","Place"],"@id":"https:\/\/www.schuh-germann.de\/blog\/#organization","name":"Schuh Germann GmbH","url":"https:\/\/www.schuh-germann.de\/blog\/","sameAs":["https:\/\/www.facebook.com\/schuh.germann\/","https:\/\/www.instagram.com\/schuhgermann\/"],"logo":{"@type":"ImageObject","@id":"https:\/\/www.schuh-germann.de\/blog\/#logo","inLanguage":"de-DE","url":"https:\/\/www.schuh-germann.de\/blog\/wp-content\/uploads\/2017\/03\/germann_logo_rot.png","contentUrl":"https:\/\/www.schuh-germann.de\/blog\/wp-content\/uploads\/2017\/03\/germann_logo_rot.png","width":460,"height":189,"caption":"Schuh Germann GmbH"},"image":{"@id":"https:\/\/www.schuh-germann.de\/blog\/#logo"},"mainEntityOfPage":{"@id":"https:\/\/www.schuh-germann.de\/blog\/eine-revolution\/#webpage"}},{"@type":"WebSite","@id":"https:\/\/www.schuh-germann.de\/blog\/#website","url":"https:\/\/www.schuh-germann.de\/blog\/","name":"Fashion &amp; Lifestyle","description":"SHOE ! STYLES","publisher":{"@id":"https:\/\/www.schuh-germann.de\/blog\/#organization"},"potentialAction":[{"@type":"SearchAction","target":{"@type":"EntryPoint","urlTemplate":"https:\/\/www.schuh-germann.de\/blog\/?s={search_term_string}"},"query-input":"required name=search_term_string"}],"inLanguage":"de-DE"},{"@type":"ImageObject","@id":"https:\/\/www.schuh-germann.de\/blog\/eine-revolution\/#primaryimage","inLanguage":"de-DE","url":"https:\/\/www.schuh-germann.de\/blog\/wp-content\/uploads\/2021\/06\/UYN2.jpg","contentUrl":"https:\/\/www.schuh-germann.de\/blog\/wp-content\/uploads\/2021\/06\/UYN2.jpg","width":1348,"height":902},{"@type":"WebPage","@id":"https:\/\/www.schuh-germann.de\/blog\/eine-revolution\/#webpage","url":"https:\/\/www.schuh-germann.de\/blog\/eine-revolution\/","name":"Eine Revolution! - Fashion &amp; Lifestyle","isPartOf":{"@id":"https:\/\/www.schuh-germann.de\/blog\/#website"},"primaryImageOfPage":{"@id":"https:\/\/www.schuh-germann.de\/blog\/eine-revolution\/#primaryimage"},"datePublished":"2021-06-25T13:15:49+00:00","dateModified":"2021-06-25T13:15:50+00:00","breadcrumb":{"@id":"https:\/\/www.schuh-germann.de\/blog\/eine-revolution\/#breadcrumb"},"inLanguage":"de-DE","potentialAction":[{"@type":"ReadAction","target":["https:\/\/www.schuh-germann.de\/blog\/eine-revolution\/"]}]},{"@type":"BreadcrumbList","@id":"https:\/\/www.schuh-germann.de\/blog\/eine-revolution\/#breadcrumb","itemListElement":[{"@type":"ListItem","position":1,"name":"Startseite","item":"https:\/\/www.schuh-germann.de\/blog\/"},{"@type":"ListItem","position":2,"name":"Eine Revolution!"}]},{"@type":["Article","NewsArticle"],"@id":"https:\/\/www.schuh-germann.de\/blog\/eine-revolution\/#article","isPartOf":{"@id":"https:\/\/www.schuh-germann.de\/blog\/eine-revolution\/#webpage"},"author":{"@id":"https:\/\/www.schuh-germann.de\/blog\/#\/schema\/person\/2c78ced8e35f47c19279a3a2f98da03b"},"headline":"Eine Revolution!","datePublished":"2021-06-25T13:15:49+00:00","dateModified":"2021-06-25T13:15:50+00:00","mainEntityOfPage":{"@id":"https:\/\/www.schuh-germann.de\/blog\/eine-revolution\/#webpage"},"wordCount":212,"commentCount":0,"publisher":{"@id":"https:\/\/www.schuh-germann.de\/blog\/#organization"},"image":{"@id":"https:\/\/www.schuh-germann.de\/blog\/eine-revolution\/#primaryimage"},"thumbnailUrl":"https:\/\/www.schuh-germann.de\/blog\/wp-content\/uploads\/2021\/06\/UYN2.jpg","keywords":["Komfort","Merino","nachhaltig","sneaker","UYN"],"articleSection":{"1":"Style Highlights"},"inLanguage":"de-DE","potentialAction":[{"@type":"CommentAction","name":"Comment","target":["https:\/\/www.schuh-germann.de\/blog\/eine-revolution\/#respond"]}],"copyrightYear":"2021","copyrightHolder":{"@id":"https:\/\/www.schuh-germann.de\/blog\/#organization"}},{"@type":"Person","@id":"https:\/\/www.schuh-germann.de\/blog\/#\/schema\/person\/2c78ced8e35f47c19279a3a2f98da03b","name":"Schuh Germann","image":{"@type":"ImageObject","@id":"https:\/\/www.schuh-germann.de\/blog\/#personlogo","inLanguage":"de-DE","url":"https:\/\/secure.gravatar.com\/avatar\/d76d226f119bb70e9f5333d1910df36f?s=96&d=mm&r=g","contentUrl":"https:\/\/secure.gravatar.com\/avatar\/d76d226f119bb70e9f5333d1910df36f?s=96&d=mm&r=g","caption":"Schuh Germann"},"sameAs":["https:\/\/www.schuh-germann.de\/"],"url":"https:\/\/www.schuh-germann.de\/blog\/author\/schuh-germann\/"}]}},"_links":{"self":[{"href":"https:\/\/www.schuh-germann.de\/blog\/wp-json\/wp\/v2\/posts\/1954"}],"collection":[{"href":"https:\/\/www.schuh-germann.de\/blog\/wp-json\/wp\/v2\/posts"}],"about":[{"href":"https:\/\/www.schuh-germann.de\/blog\/wp-json\/wp\/v2\/types\/post"}],"author":[{"embeddable":true,"href":"https:\/\/www.schuh-germann.de\/blog\/wp-json\/wp\/v2\/users\/2"}],"replies":[{"embeddable":true,"href":"https:\/\/www.schuh-germann.de\/blog\/wp-json\/wp\/v2\/comments?post=1954"}],"version-history":[{"count":22,"href":"https:\/\/www.schuh-germann.de\/blog\/wp-json\/wp\/v2\/posts\/1954\/revisions"}],"predecessor-version":[{"id":1998,"href":"https:\/\/www.schuh-germann.de\/blog\/wp-json\/wp\/v2\/posts\/1954\/revisions\/1998"}],"wp:featuredmedia":[{"embeddable":true,"href":"https:\/\/www.schuh-germann.de\/blog\/wp-json\/wp\/v2\/media\/1957"}],"wp:attachment":[{"href":"https:\/\/www.schuh-germann.de\/blog\/wp-json\/wp\/v2\/media?parent=1954"}],"wp:term":[{"taxonomy":"category","embeddable":true,"href":"https:\/\/www.schuh-germann.de\/blog\/wp-json\/wp\/v2\/categories?post=1954"},{"taxonomy":"post_tag","embeddable":true,"href":"https:\/\/www.schuh-germann.de\/blog\/wp-json\/wp\/v2\/tags?post=1954"}],"curies":[{"name":"wp","href":"https:\/\/api.w.org\/{rel}","templated":true}]}}