{"id":1555,"date":"2020-07-14T10:51:14","date_gmt":"2020-07-14T08:51:14","guid":{"rendered":"https:\/\/www.schuh-germann.de\/blog\/?p=1555"},"modified":"2020-07-14T10:51:14","modified_gmt":"2020-07-14T08:51:14","slug":"endlich-sommer","status":"publish","type":"post","link":"https:\/\/www.schuh-germann.de\/blog\/endlich-sommer\/","title":{"rendered":"Endlich Sommer!"},"content":{"rendered":"\r\n<p>Die Temperaturen steigen und wir k\u00f6nnen wieder in R\u00f6cken, luftigen Kleidchen, <br \/>Kleider im Boho-Stil, l\u00e4ssig weiten Hosen aus flie\u00dfenden Stoffen <br \/>oder auch ganz cool mit Jeans die warmen Tage genie\u00dfen.<\/p>\r\n\r\n\r\n\r\n<h4>Es wird Zeit &#8211; machen wir unseren F\u00fc\u00dfen Luft!<\/h4>\r\n\r\n\r\n\r\n<p>Die Schuh-Trends diesen Sommer sind ausgefallen.<br \/>Klobige Sandalen, flache, leichte Riemchensandalen mit Schn\u00fcrung oder Glitzerschmuck, klassische Flip Flops, leichte Sneaker&#8230;. alles was das Herz begehrt!<br \/><br \/>Dabei stehlen oft die klobigen Trekking-Sandalen mit dicken Sohlen den zierlichen Sommerschuhen die Show.<br \/>Kombiniert werden diese Sandalen mit den dicken Sohlen mit femininen Kleidchen oder auch Lederhosen.<\/p>\r\n\r\n\r\n\r\n<p>&nbsp;<\/p>\r\n<p><img loading=\"lazy\" class=\"alignnone size-medium wp-image-1670\" src=\"https:\/\/www.schuh-germann.de\/blog\/wp-content\/uploads\/2020\/07\/muster600x600_4-300x193.jpg\" alt=\"\" width=\"300\" height=\"193\" srcset=\"https:\/\/www.schuh-germann.de\/blog\/wp-content\/uploads\/2020\/07\/muster600x600_4-300x194.jpg 300w, https:\/\/www.schuh-germann.de\/blog\/wp-content\/uploads\/2020\/07\/muster600x600_4-651x420.jpg 651w, https:\/\/www.schuh-germann.de\/blog\/wp-content\/uploads\/2020\/07\/muster600x600_4-341x220.jpg 341w, https:\/\/www.schuh-germann.de\/blog\/wp-content\/uploads\/2020\/07\/muster600x600_4-640x413.jpg 640w, https:\/\/www.schuh-germann.de\/blog\/wp-content\/uploads\/2020\/07\/muster600x600_4-681x439.jpg 681w, https:\/\/www.schuh-germann.de\/blog\/wp-content\/uploads\/2020\/07\/muster600x600_4.jpg 698w\" sizes=\"(max-width: 300px) 100vw, 300px\" \/><img loading=\"lazy\" class=\"alignnone size-medium wp-image-1671\" src=\"https:\/\/www.schuh-germann.de\/blog\/wp-content\/uploads\/2020\/07\/muster600x600_5-300x193.jpg\" alt=\"\" width=\"300\" height=\"193\" srcset=\"https:\/\/www.schuh-germann.de\/blog\/wp-content\/uploads\/2020\/07\/muster600x600_5-300x194.jpg 300w, https:\/\/www.schuh-germann.de\/blog\/wp-content\/uploads\/2020\/07\/muster600x600_5-651x420.jpg 651w, https:\/\/www.schuh-germann.de\/blog\/wp-content\/uploads\/2020\/07\/muster600x600_5-341x220.jpg 341w, https:\/\/www.schuh-germann.de\/blog\/wp-content\/uploads\/2020\/07\/muster600x600_5-640x413.jpg 640w, https:\/\/www.schuh-germann.de\/blog\/wp-content\/uploads\/2020\/07\/muster600x600_5-681x439.jpg 681w, https:\/\/www.schuh-germann.de\/blog\/wp-content\/uploads\/2020\/07\/muster600x600_5.jpg 698w\" sizes=\"(max-width: 300px) 100vw, 300px\" \/><\/p>\r\n<p>&nbsp;<\/p>\r\n<p><strong>Mit Flatforms<\/strong> &#8211; das sind Sandalen mit Plateau, luftig, super bequem und man kann sich auch durchaus ein paar Zentimeter gr\u00f6\u00dfer schummeln &#8211; liegen Sie im Trend.<br \/>Diese Trendschuhe kombiniert man stilsicher mit kontrastreichen Minikleidern.<\/p>\r\n<p>&nbsp;<\/p>\r\n\r\n\r\n\r\n\r\n\r\n\r\n\r\n<p><img loading=\"lazy\" class=\"alignnone size-medium wp-image-1672\" src=\"https:\/\/www.schuh-germann.de\/blog\/wp-content\/uploads\/2020\/07\/muster600x600_7-300x193.jpg\" alt=\"\" width=\"300\" height=\"193\" srcset=\"https:\/\/www.schuh-germann.de\/blog\/wp-content\/uploads\/2020\/07\/muster600x600_7-300x194.jpg 300w, https:\/\/www.schuh-germann.de\/blog\/wp-content\/uploads\/2020\/07\/muster600x600_7-651x420.jpg 651w, https:\/\/www.schuh-germann.de\/blog\/wp-content\/uploads\/2020\/07\/muster600x600_7-341x220.jpg 341w, https:\/\/www.schuh-germann.de\/blog\/wp-content\/uploads\/2020\/07\/muster600x600_7-640x413.jpg 640w, https:\/\/www.schuh-germann.de\/blog\/wp-content\/uploads\/2020\/07\/muster600x600_7-681x439.jpg 681w, https:\/\/www.schuh-germann.de\/blog\/wp-content\/uploads\/2020\/07\/muster600x600_7.jpg 698w\" sizes=\"(max-width: 300px) 100vw, 300px\" \/><img loading=\"lazy\" class=\"alignnone size-medium wp-image-1673\" src=\"https:\/\/www.schuh-germann.de\/blog\/wp-content\/uploads\/2020\/07\/muster600x600_6-300x193.jpg\" alt=\"\" width=\"300\" height=\"193\" srcset=\"https:\/\/www.schuh-germann.de\/blog\/wp-content\/uploads\/2020\/07\/muster600x600_6-300x194.jpg 300w, https:\/\/www.schuh-germann.de\/blog\/wp-content\/uploads\/2020\/07\/muster600x600_6-651x420.jpg 651w, https:\/\/www.schuh-germann.de\/blog\/wp-content\/uploads\/2020\/07\/muster600x600_6-341x220.jpg 341w, https:\/\/www.schuh-germann.de\/blog\/wp-content\/uploads\/2020\/07\/muster600x600_6-640x413.jpg 640w, https:\/\/www.schuh-germann.de\/blog\/wp-content\/uploads\/2020\/07\/muster600x600_6-681x439.jpg 681w, https:\/\/www.schuh-germann.de\/blog\/wp-content\/uploads\/2020\/07\/muster600x600_6.jpg 698w\" sizes=\"(max-width: 300px) 100vw, 300px\" \/><\/p>\r\n<p>&nbsp;<\/p>\r\n<p>\r\n\r\n<\/p>\r\n<p><strong>Diesen Sommer tragen auch die F\u00fc\u00dfe Schmuck!<\/strong><br \/>Die glitzernden Details aus Metall oder Strass, kommen bei diesen femininen Sandalen sowohl fein als auch robust daher. Voll im Trend ist man damit auf jeden Fall.<\/p>\r\n<p>&nbsp;<\/p>\r\n<p><img loading=\"lazy\" class=\"size-medium wp-image-1677 alignnone\" src=\"https:\/\/www.schuh-germann.de\/blog\/wp-content\/uploads\/2020\/07\/muster600x600_10-300x193.jpg\" alt=\"\" width=\"300\" height=\"193\" srcset=\"https:\/\/www.schuh-germann.de\/blog\/wp-content\/uploads\/2020\/07\/muster600x600_10-300x194.jpg 300w, https:\/\/www.schuh-germann.de\/blog\/wp-content\/uploads\/2020\/07\/muster600x600_10-651x420.jpg 651w, https:\/\/www.schuh-germann.de\/blog\/wp-content\/uploads\/2020\/07\/muster600x600_10-341x220.jpg 341w, https:\/\/www.schuh-germann.de\/blog\/wp-content\/uploads\/2020\/07\/muster600x600_10-640x413.jpg 640w, https:\/\/www.schuh-germann.de\/blog\/wp-content\/uploads\/2020\/07\/muster600x600_10-681x439.jpg 681w, https:\/\/www.schuh-germann.de\/blog\/wp-content\/uploads\/2020\/07\/muster600x600_10.jpg 698w\" sizes=\"(max-width: 300px) 100vw, 300px\" \/><img loading=\"lazy\" class=\"alignnone size-medium wp-image-1679\" src=\"https:\/\/www.schuh-germann.de\/blog\/wp-content\/uploads\/2020\/07\/muster600x600_9-300x193.jpg\" alt=\"\" width=\"300\" height=\"193\" srcset=\"https:\/\/www.schuh-germann.de\/blog\/wp-content\/uploads\/2020\/07\/muster600x600_9-300x194.jpg 300w, https:\/\/www.schuh-germann.de\/blog\/wp-content\/uploads\/2020\/07\/muster600x600_9-651x420.jpg 651w, https:\/\/www.schuh-germann.de\/blog\/wp-content\/uploads\/2020\/07\/muster600x600_9-341x220.jpg 341w, https:\/\/www.schuh-germann.de\/blog\/wp-content\/uploads\/2020\/07\/muster600x600_9-640x413.jpg 640w, https:\/\/www.schuh-germann.de\/blog\/wp-content\/uploads\/2020\/07\/muster600x600_9-681x439.jpg 681w, https:\/\/www.schuh-germann.de\/blog\/wp-content\/uploads\/2020\/07\/muster600x600_9.jpg 698w\" sizes=\"(max-width: 300px) 100vw, 300px\" \/><\/p>\r\n<p>\r\n\r\n<\/p>\r\n<p>\r\n\r\n<\/p>\r\n<p>\r\n\r\n<\/p>\r\n<div class=\"wp-block-image\">\u00a0<\/div>\r\n<p>\r\n\r\n<\/p>\r\n<p>\r\n\r\n<\/p>\r\n<p><img loading=\"lazy\" class=\"alignnone size-medium wp-image-1680\" src=\"https:\/\/www.schuh-germann.de\/blog\/wp-content\/uploads\/2020\/07\/muster600x600_11-300x193.jpg\" alt=\"\" width=\"300\" height=\"193\" srcset=\"https:\/\/www.schuh-germann.de\/blog\/wp-content\/uploads\/2020\/07\/muster600x600_11-300x194.jpg 300w, https:\/\/www.schuh-germann.de\/blog\/wp-content\/uploads\/2020\/07\/muster600x600_11-651x420.jpg 651w, https:\/\/www.schuh-germann.de\/blog\/wp-content\/uploads\/2020\/07\/muster600x600_11-341x220.jpg 341w, https:\/\/www.schuh-germann.de\/blog\/wp-content\/uploads\/2020\/07\/muster600x600_11-640x413.jpg 640w, https:\/\/www.schuh-germann.de\/blog\/wp-content\/uploads\/2020\/07\/muster600x600_11-681x439.jpg 681w, https:\/\/www.schuh-germann.de\/blog\/wp-content\/uploads\/2020\/07\/muster600x600_11.jpg 698w\" sizes=\"(max-width: 300px) 100vw, 300px\" \/><img loading=\"lazy\" class=\"alignnone size-medium wp-image-1681\" src=\"https:\/\/www.schuh-germann.de\/blog\/wp-content\/uploads\/2020\/07\/muster600x600_12-300x193.jpg\" alt=\"\" width=\"300\" height=\"193\" srcset=\"https:\/\/www.schuh-germann.de\/blog\/wp-content\/uploads\/2020\/07\/muster600x600_12-300x194.jpg 300w, https:\/\/www.schuh-germann.de\/blog\/wp-content\/uploads\/2020\/07\/muster600x600_12-651x420.jpg 651w, https:\/\/www.schuh-germann.de\/blog\/wp-content\/uploads\/2020\/07\/muster600x600_12-341x220.jpg 341w, https:\/\/www.schuh-germann.de\/blog\/wp-content\/uploads\/2020\/07\/muster600x600_12-640x413.jpg 640w, https:\/\/www.schuh-germann.de\/blog\/wp-content\/uploads\/2020\/07\/muster600x600_12-681x439.jpg 681w, https:\/\/www.schuh-germann.de\/blog\/wp-content\/uploads\/2020\/07\/muster600x600_12.jpg 698w\" sizes=\"(max-width: 300px) 100vw, 300px\" \/><\/p>\r\n<p>\r\n\r\n<\/p>\r\n<h4>Und was w\u00e4re ein Sommer ohne Gute-Laune-Farben?<br \/>Richtig &#8211; nur halb so sch\u00f6n.<\/h4>\r\n<p>\r\n\r\n<\/p>\r\n<p>Die klassischen, wei\u00dfen Sneaker, die fast jeder im Schuhschrank hat, <br \/>sollte man sofort mit farbigen erg\u00e4nzen.<br \/>Ob gr\u00fcne, blaue, gelbe oder ganz bunte Sneaker &#8211; in diesem Sommer ist alles erlaubt.<br \/>Sneaker passen perfekt zu einem Alltagslook mit Jeans und Oversize-Hemd.<br \/>Wenig Aufwand, super stylisch!<\/p>\r\n<p>\r\n\r\n<\/p>\r\n<p>\r\n\r\n\r\n\r\n<\/p>\r\n<div class=\"wp-block-image\">\u00a0<\/div>\r\n<p><img loading=\"lazy\" class=\"wp-image-1665 size-medium alignnone\" src=\"https:\/\/www.schuh-germann.de\/blog\/wp-content\/uploads\/2020\/07\/muster600x600_2-300x193.jpg\" alt=\"\" width=\"300\" height=\"193\" srcset=\"https:\/\/www.schuh-germann.de\/blog\/wp-content\/uploads\/2020\/07\/muster600x600_2-300x194.jpg 300w, https:\/\/www.schuh-germann.de\/blog\/wp-content\/uploads\/2020\/07\/muster600x600_2-651x420.jpg 651w, https:\/\/www.schuh-germann.de\/blog\/wp-content\/uploads\/2020\/07\/muster600x600_2-341x220.jpg 341w, https:\/\/www.schuh-germann.de\/blog\/wp-content\/uploads\/2020\/07\/muster600x600_2-640x413.jpg 640w, https:\/\/www.schuh-germann.de\/blog\/wp-content\/uploads\/2020\/07\/muster600x600_2-681x439.jpg 681w, https:\/\/www.schuh-germann.de\/blog\/wp-content\/uploads\/2020\/07\/muster600x600_2.jpg 698w\" sizes=\"(max-width: 300px) 100vw, 300px\" \/> <img loading=\"lazy\" class=\"size-medium wp-image-1666 alignleft\" src=\"https:\/\/www.schuh-germann.de\/blog\/wp-content\/uploads\/2020\/07\/muster600x600_3-300x193.jpg\" alt=\"\" width=\"300\" height=\"193\" srcset=\"https:\/\/www.schuh-germann.de\/blog\/wp-content\/uploads\/2020\/07\/muster600x600_3-300x194.jpg 300w, https:\/\/www.schuh-germann.de\/blog\/wp-content\/uploads\/2020\/07\/muster600x600_3-651x420.jpg 651w, https:\/\/www.schuh-germann.de\/blog\/wp-content\/uploads\/2020\/07\/muster600x600_3-341x220.jpg 341w, https:\/\/www.schuh-germann.de\/blog\/wp-content\/uploads\/2020\/07\/muster600x600_3-640x413.jpg 640w, https:\/\/www.schuh-germann.de\/blog\/wp-content\/uploads\/2020\/07\/muster600x600_3-681x439.jpg 681w, https:\/\/www.schuh-germann.de\/blog\/wp-content\/uploads\/2020\/07\/muster600x600_3.jpg 698w\" sizes=\"(max-width: 300px) 100vw, 300px\" \/><img loading=\"lazy\" class=\"wp-image-1664 size-medium alignright\" src=\"https:\/\/www.schuh-germann.de\/blog\/wp-content\/uploads\/2020\/07\/muster600x600-300x193.jpg\" alt=\"\" width=\"300\" height=\"193\" srcset=\"https:\/\/www.schuh-germann.de\/blog\/wp-content\/uploads\/2020\/07\/muster600x600-300x194.jpg 300w, https:\/\/www.schuh-germann.de\/blog\/wp-content\/uploads\/2020\/07\/muster600x600-651x420.jpg 651w, https:\/\/www.schuh-germann.de\/blog\/wp-content\/uploads\/2020\/07\/muster600x600-341x220.jpg 341w, https:\/\/www.schuh-germann.de\/blog\/wp-content\/uploads\/2020\/07\/muster600x600-640x413.jpg 640w, https:\/\/www.schuh-germann.de\/blog\/wp-content\/uploads\/2020\/07\/muster600x600-681x439.jpg 681w, https:\/\/www.schuh-germann.de\/blog\/wp-content\/uploads\/2020\/07\/muster600x600.jpg 698w\" sizes=\"(max-width: 300px) 100vw, 300px\" \/><\/p>\r\n<p><img loading=\"lazy\" class=\"wp-image-1663 size-medium alignnone\" src=\"https:\/\/www.schuh-germann.de\/blog\/wp-content\/uploads\/2020\/07\/25052014-01_600x600-1-300x193.jpg\" alt=\"\" width=\"300\" height=\"193\" srcset=\"https:\/\/www.schuh-germann.de\/blog\/wp-content\/uploads\/2020\/07\/25052014-01_600x600-1-300x194.jpg 300w, https:\/\/www.schuh-germann.de\/blog\/wp-content\/uploads\/2020\/07\/25052014-01_600x600-1-651x420.jpg 651w, https:\/\/www.schuh-germann.de\/blog\/wp-content\/uploads\/2020\/07\/25052014-01_600x600-1-341x220.jpg 341w, https:\/\/www.schuh-germann.de\/blog\/wp-content\/uploads\/2020\/07\/25052014-01_600x600-1-640x413.jpg 640w, https:\/\/www.schuh-germann.de\/blog\/wp-content\/uploads\/2020\/07\/25052014-01_600x600-1-681x439.jpg 681w, https:\/\/www.schuh-germann.de\/blog\/wp-content\/uploads\/2020\/07\/25052014-01_600x600-1.jpg 698w\" sizes=\"(max-width: 300px) 100vw, 300px\" \/><\/p>\r\n<p>\r\n\r\n<\/p>\r\n<figure><\/figure>\r\n<figure><\/figure>\r\n<figure><\/figure>\r\n<figure><\/figure>\r\n<p><\/p>\r\n<p>&nbsp;<\/p>\r\n<p>&nbsp;<\/p>\r\n<p><strong>Alle hier gezeigten Modelle &#8211; und eine gro\u00dfartige Auswahl &#8211;<\/strong><br \/><strong>finden Sie in unserem Online-Shop!<\/strong><\/p>\r\n<p><strong>www.schuh-germann.de<\/strong><\/p>\r\n<p>Und jetzt viel Spa\u00df beim St\u00f6bern!<\/p>","protected":false},"excerpt":{"rendered":"<p>Die Temperaturen steigen und wir k\u00f6nnen wieder in R\u00f6cken, luftigen Kleidchen, Kleider im Boho-Stil, l\u00e4ssig weiten Hosen aus flie\u00dfenden Stoffen oder auch ganz cool mit Jeans die warmen Tage genie\u00dfen. Es wird Zeit &#8211; machen wir unseren F\u00fc\u00dfen Luft! Die Schuh-Trends diesen Sommer sind ausgefallen.Klobige Sandalen, flache, leichte Riemchensandalen mit Schn\u00fcrung oder Glitzerschmuck, klassische Flip [&hellip;]<\/p>\n","protected":false},"author":2,"featured_media":1653,"comment_status":"open","ping_status":"open","sticky":false,"template":"","format":"standard","meta":[],"categories":[1,6],"tags":[1378,1379,228,1380,1377],"yoast_head":"<!-- This site is optimized with the Yoast SEO Premium plugin v16.1 (Yoast SEO v16.8) - https:\/\/yoast.com\/wordpress\/plugins\/seo\/ -->\n<meta name=\"robots\" content=\"index, follow, max-snippet:-1, max-image-preview:large, max-video-preview:-1\" \/>\n<link rel=\"canonical\" href=\"https:\/\/www.schuh-germann.de\/blog\/endlich-sommer\/\" \/>\n<meta property=\"og:locale\" content=\"de_DE\" \/>\n<meta property=\"og:type\" content=\"article\" \/>\n<meta property=\"og:title\" content=\"Endlich Sommer! - Fashion &amp; Lifestyle\" \/>\n<meta property=\"og:description\" content=\"Die Temperaturen steigen und wir k\u00f6nnen wieder in R\u00f6cken, luftigen Kleidchen, Kleider im Boho-Stil, l\u00e4ssig weiten Hosen aus flie\u00dfenden Stoffen oder auch ganz cool mit Jeans die warmen Tage genie\u00dfen. Es wird Zeit &#8211; machen wir unseren F\u00fc\u00dfen Luft! Die Schuh-Trends diesen Sommer sind ausgefallen.Klobige Sandalen, flache, leichte Riemchensandalen mit Schn\u00fcrung oder Glitzerschmuck, klassische Flip [&hellip;]\" \/>\n<meta property=\"og:url\" content=\"https:\/\/www.schuh-germann.de\/blog\/endlich-sommer\/\" \/>\n<meta property=\"og:site_name\" content=\"Fashion &amp; Lifestyle\" \/>\n<meta property=\"article:publisher\" content=\"https:\/\/www.facebook.com\/schuh.germann\/\" \/>\n<meta property=\"article:published_time\" content=\"2020-07-14T08:51:14+00:00\" \/>\n<meta property=\"og:image\" content=\"https:\/\/www.schuh-germann.de\/blog\/wp-content\/uploads\/2020\/07\/Sommerfeeling.jpg\" \/>\n\t<meta property=\"og:image:width\" content=\"1000\" \/>\n\t<meta property=\"og:image:height\" content=\"600\" \/>\n<meta name=\"twitter:card\" content=\"summary\" \/>\n<meta name=\"twitter:label1\" content=\"Verfasst von\" \/>\n\t<meta name=\"twitter:data1\" content=\"Schuh Germann\" \/>\n\t<meta name=\"twitter:label2\" content=\"Gesch\u00e4tzte Lesezeit\" \/>\n\t<meta name=\"twitter:data2\" content=\"1 Minute\" \/>\n<script type=\"application\/ld+json\" class=\"yoast-schema-graph\">{\"@context\":\"https:\/\/schema.org\",\"@graph\":[{\"@type\":[\"Organization\",\"Place\"],\"@id\":\"https:\/\/www.schuh-germann.de\/blog\/#organization\",\"name\":\"Schuh Germann GmbH\",\"url\":\"https:\/\/www.schuh-germann.de\/blog\/\",\"sameAs\":[\"https:\/\/www.facebook.com\/schuh.germann\/\",\"https:\/\/www.instagram.com\/schuhgermann\/\"],\"logo\":{\"@type\":\"ImageObject\",\"@id\":\"https:\/\/www.schuh-germann.de\/blog\/#logo\",\"inLanguage\":\"de-DE\",\"url\":\"https:\/\/www.schuh-germann.de\/blog\/wp-content\/uploads\/2017\/03\/germann_logo_rot.png\",\"contentUrl\":\"https:\/\/www.schuh-germann.de\/blog\/wp-content\/uploads\/2017\/03\/germann_logo_rot.png\",\"width\":460,\"height\":189,\"caption\":\"Schuh Germann GmbH\"},\"image\":{\"@id\":\"https:\/\/www.schuh-germann.de\/blog\/#logo\"},\"mainEntityOfPage\":{\"@id\":\"https:\/\/www.schuh-germann.de\/blog\/endlich-sommer\/#webpage\"}},{\"@type\":\"WebSite\",\"@id\":\"https:\/\/www.schuh-germann.de\/blog\/#website\",\"url\":\"https:\/\/www.schuh-germann.de\/blog\/\",\"name\":\"Fashion &amp; Lifestyle\",\"description\":\"SHOE ! STYLES\",\"publisher\":{\"@id\":\"https:\/\/www.schuh-germann.de\/blog\/#organization\"},\"potentialAction\":[{\"@type\":\"SearchAction\",\"target\":{\"@type\":\"EntryPoint\",\"urlTemplate\":\"https:\/\/www.schuh-germann.de\/blog\/?s={search_term_string}\"},\"query-input\":\"required name=search_term_string\"}],\"inLanguage\":\"de-DE\"},{\"@type\":\"ImageObject\",\"@id\":\"https:\/\/www.schuh-germann.de\/blog\/endlich-sommer\/#primaryimage\",\"inLanguage\":\"de-DE\",\"url\":\"https:\/\/www.schuh-germann.de\/blog\/wp-content\/uploads\/2020\/07\/Sommerfeeling.jpg\",\"contentUrl\":\"https:\/\/www.schuh-germann.de\/blog\/wp-content\/uploads\/2020\/07\/Sommerfeeling.jpg\",\"width\":1000,\"height\":600},{\"@type\":\"WebPage\",\"@id\":\"https:\/\/www.schuh-germann.de\/blog\/endlich-sommer\/#webpage\",\"url\":\"https:\/\/www.schuh-germann.de\/blog\/endlich-sommer\/\",\"name\":\"Endlich Sommer! - Fashion &amp; Lifestyle\",\"isPartOf\":{\"@id\":\"https:\/\/www.schuh-germann.de\/blog\/#website\"},\"primaryImageOfPage\":{\"@id\":\"https:\/\/www.schuh-germann.de\/blog\/endlich-sommer\/#primaryimage\"},\"datePublished\":\"2020-07-14T08:51:14+00:00\",\"dateModified\":\"2020-07-14T08:51:14+00:00\",\"breadcrumb\":{\"@id\":\"https:\/\/www.schuh-germann.de\/blog\/endlich-sommer\/#breadcrumb\"},\"inLanguage\":\"de-DE\",\"potentialAction\":[{\"@type\":\"ReadAction\",\"target\":[\"https:\/\/www.schuh-germann.de\/blog\/endlich-sommer\/\"]}]},{\"@type\":\"BreadcrumbList\",\"@id\":\"https:\/\/www.schuh-germann.de\/blog\/endlich-sommer\/#breadcrumb\",\"itemListElement\":[{\"@type\":\"ListItem\",\"position\":1,\"name\":\"Startseite\",\"item\":\"https:\/\/www.schuh-germann.de\/blog\/\"},{\"@type\":\"ListItem\",\"position\":2,\"name\":\"Endlich Sommer!\"}]},{\"@type\":[\"Article\",\"NewsArticle\"],\"@id\":\"https:\/\/www.schuh-germann.de\/blog\/endlich-sommer\/#article\",\"isPartOf\":{\"@id\":\"https:\/\/www.schuh-germann.de\/blog\/endlich-sommer\/#webpage\"},\"author\":{\"@id\":\"https:\/\/www.schuh-germann.de\/blog\/#\/schema\/person\/2c78ced8e35f47c19279a3a2f98da03b\"},\"headline\":\"Endlich Sommer!\",\"datePublished\":\"2020-07-14T08:51:14+00:00\",\"dateModified\":\"2020-07-14T08:51:14+00:00\",\"mainEntityOfPage\":{\"@id\":\"https:\/\/www.schuh-germann.de\/blog\/endlich-sommer\/#webpage\"},\"wordCount\":267,\"commentCount\":0,\"publisher\":{\"@id\":\"https:\/\/www.schuh-germann.de\/blog\/#organization\"},\"image\":{\"@id\":\"https:\/\/www.schuh-germann.de\/blog\/endlich-sommer\/#primaryimage\"},\"thumbnailUrl\":\"https:\/\/www.schuh-germann.de\/blog\/wp-content\/uploads\/2020\/07\/Sommerfeeling.jpg\",\"keywords\":[\"Flatforms\",\"Sandalen\",\"sneaker\",\"Sommer 2020\",\"Trend 2020\"],\"articleSection\":{\"1\":\"Style Highlights\"},\"inLanguage\":\"de-DE\",\"potentialAction\":[{\"@type\":\"CommentAction\",\"name\":\"Comment\",\"target\":[\"https:\/\/www.schuh-germann.de\/blog\/endlich-sommer\/#respond\"]}],\"copyrightYear\":\"2020\",\"copyrightHolder\":{\"@id\":\"https:\/\/www.schuh-germann.de\/blog\/#organization\"}},{\"@type\":\"Person\",\"@id\":\"https:\/\/www.schuh-germann.de\/blog\/#\/schema\/person\/2c78ced8e35f47c19279a3a2f98da03b\",\"name\":\"Schuh Germann\",\"image\":{\"@type\":\"ImageObject\",\"@id\":\"https:\/\/www.schuh-germann.de\/blog\/#personlogo\",\"inLanguage\":\"de-DE\",\"url\":\"https:\/\/secure.gravatar.com\/avatar\/d76d226f119bb70e9f5333d1910df36f?s=96&d=mm&r=g\",\"contentUrl\":\"https:\/\/secure.gravatar.com\/avatar\/d76d226f119bb70e9f5333d1910df36f?s=96&d=mm&r=g\",\"caption\":\"Schuh Germann\"},\"sameAs\":[\"https:\/\/www.schuh-germann.de\/\"],\"url\":\"https:\/\/www.schuh-germann.de\/blog\/author\/schuh-germann\/\"}]}<\/script>\n<!-- \/ Yoast SEO Premium plugin. -->","yoast_head_json":{"robots":{"index":"index","follow":"follow","max-snippet":"max-snippet:-1","max-image-preview":"max-image-preview:large","max-video-preview":"max-video-preview:-1"},"canonical":"https:\/\/www.schuh-germann.de\/blog\/endlich-sommer\/","og_locale":"de_DE","og_type":"article","og_title":"Endlich Sommer! - Fashion &amp; Lifestyle","og_description":"Die Temperaturen steigen und wir k\u00f6nnen wieder in R\u00f6cken, luftigen Kleidchen, Kleider im Boho-Stil, l\u00e4ssig weiten Hosen aus flie\u00dfenden Stoffen oder auch ganz cool mit Jeans die warmen Tage genie\u00dfen. Es wird Zeit &#8211; machen wir unseren F\u00fc\u00dfen Luft! Die Schuh-Trends diesen Sommer sind ausgefallen.Klobige Sandalen, flache, leichte Riemchensandalen mit Schn\u00fcrung oder Glitzerschmuck, klassische Flip [&hellip;]","og_url":"https:\/\/www.schuh-germann.de\/blog\/endlich-sommer\/","og_site_name":"Fashion &amp; Lifestyle","article_publisher":"https:\/\/www.facebook.com\/schuh.germann\/","article_published_time":"2020-07-14T08:51:14+00:00","og_image":[{"width":1000,"height":600,"url":"https:\/\/www.schuh-germann.de\/blog\/wp-content\/uploads\/2020\/07\/Sommerfeeling.jpg","path":"\/var\/www\/html\/blog\/wp-content\/uploads\/2020\/07\/Sommerfeeling.jpg","size":"full","id":1653,"alt":"","pixels":600000,"type":"image\/jpeg"}],"twitter_card":"summary","twitter_misc":{"Verfasst von":"Schuh Germann","Gesch\u00e4tzte Lesezeit":"1 Minute"},"schema":{"@context":"https:\/\/schema.org","@graph":[{"@type":["Organization","Place"],"@id":"https:\/\/www.schuh-germann.de\/blog\/#organization","name":"Schuh Germann GmbH","url":"https:\/\/www.schuh-germann.de\/blog\/","sameAs":["https:\/\/www.facebook.com\/schuh.germann\/","https:\/\/www.instagram.com\/schuhgermann\/"],"logo":{"@type":"ImageObject","@id":"https:\/\/www.schuh-germann.de\/blog\/#logo","inLanguage":"de-DE","url":"https:\/\/www.schuh-germann.de\/blog\/wp-content\/uploads\/2017\/03\/germann_logo_rot.png","contentUrl":"https:\/\/www.schuh-germann.de\/blog\/wp-content\/uploads\/2017\/03\/germann_logo_rot.png","width":460,"height":189,"caption":"Schuh Germann GmbH"},"image":{"@id":"https:\/\/www.schuh-germann.de\/blog\/#logo"},"mainEntityOfPage":{"@id":"https:\/\/www.schuh-germann.de\/blog\/endlich-sommer\/#webpage"}},{"@type":"WebSite","@id":"https:\/\/www.schuh-germann.de\/blog\/#website","url":"https:\/\/www.schuh-germann.de\/blog\/","name":"Fashion &amp; Lifestyle","description":"SHOE ! STYLES","publisher":{"@id":"https:\/\/www.schuh-germann.de\/blog\/#organization"},"potentialAction":[{"@type":"SearchAction","target":{"@type":"EntryPoint","urlTemplate":"https:\/\/www.schuh-germann.de\/blog\/?s={search_term_string}"},"query-input":"required name=search_term_string"}],"inLanguage":"de-DE"},{"@type":"ImageObject","@id":"https:\/\/www.schuh-germann.de\/blog\/endlich-sommer\/#primaryimage","inLanguage":"de-DE","url":"https:\/\/www.schuh-germann.de\/blog\/wp-content\/uploads\/2020\/07\/Sommerfeeling.jpg","contentUrl":"https:\/\/www.schuh-germann.de\/blog\/wp-content\/uploads\/2020\/07\/Sommerfeeling.jpg","width":1000,"height":600},{"@type":"WebPage","@id":"https:\/\/www.schuh-germann.de\/blog\/endlich-sommer\/#webpage","url":"https:\/\/www.schuh-germann.de\/blog\/endlich-sommer\/","name":"Endlich Sommer! - Fashion &amp; Lifestyle","isPartOf":{"@id":"https:\/\/www.schuh-germann.de\/blog\/#website"},"primaryImageOfPage":{"@id":"https:\/\/www.schuh-germann.de\/blog\/endlich-sommer\/#primaryimage"},"datePublished":"2020-07-14T08:51:14+00:00","dateModified":"2020-07-14T08:51:14+00:00","breadcrumb":{"@id":"https:\/\/www.schuh-germann.de\/blog\/endlich-sommer\/#breadcrumb"},"inLanguage":"de-DE","potentialAction":[{"@type":"ReadAction","target":["https:\/\/www.schuh-germann.de\/blog\/endlich-sommer\/"]}]},{"@type":"BreadcrumbList","@id":"https:\/\/www.schuh-germann.de\/blog\/endlich-sommer\/#breadcrumb","itemListElement":[{"@type":"ListItem","position":1,"name":"Startseite","item":"https:\/\/www.schuh-germann.de\/blog\/"},{"@type":"ListItem","position":2,"name":"Endlich Sommer!"}]},{"@type":["Article","NewsArticle"],"@id":"https:\/\/www.schuh-germann.de\/blog\/endlich-sommer\/#article","isPartOf":{"@id":"https:\/\/www.schuh-germann.de\/blog\/endlich-sommer\/#webpage"},"author":{"@id":"https:\/\/www.schuh-germann.de\/blog\/#\/schema\/person\/2c78ced8e35f47c19279a3a2f98da03b"},"headline":"Endlich Sommer!","datePublished":"2020-07-14T08:51:14+00:00","dateModified":"2020-07-14T08:51:14+00:00","mainEntityOfPage":{"@id":"https:\/\/www.schuh-germann.de\/blog\/endlich-sommer\/#webpage"},"wordCount":267,"commentCount":0,"publisher":{"@id":"https:\/\/www.schuh-germann.de\/blog\/#organization"},"image":{"@id":"https:\/\/www.schuh-germann.de\/blog\/endlich-sommer\/#primaryimage"},"thumbnailUrl":"https:\/\/www.schuh-germann.de\/blog\/wp-content\/uploads\/2020\/07\/Sommerfeeling.jpg","keywords":["Flatforms","Sandalen","sneaker","Sommer 2020","Trend 2020"],"articleSection":{"1":"Style Highlights"},"inLanguage":"de-DE","potentialAction":[{"@type":"CommentAction","name":"Comment","target":["https:\/\/www.schuh-germann.de\/blog\/endlich-sommer\/#respond"]}],"copyrightYear":"2020","copyrightHolder":{"@id":"https:\/\/www.schuh-germann.de\/blog\/#organization"}},{"@type":"Person","@id":"https:\/\/www.schuh-germann.de\/blog\/#\/schema\/person\/2c78ced8e35f47c19279a3a2f98da03b","name":"Schuh Germann","image":{"@type":"ImageObject","@id":"https:\/\/www.schuh-germann.de\/blog\/#personlogo","inLanguage":"de-DE","url":"https:\/\/secure.gravatar.com\/avatar\/d76d226f119bb70e9f5333d1910df36f?s=96&d=mm&r=g","contentUrl":"https:\/\/secure.gravatar.com\/avatar\/d76d226f119bb70e9f5333d1910df36f?s=96&d=mm&r=g","caption":"Schuh Germann"},"sameAs":["https:\/\/www.schuh-germann.de\/"],"url":"https:\/\/www.schuh-germann.de\/blog\/author\/schuh-germann\/"}]}},"_links":{"self":[{"href":"https:\/\/www.schuh-germann.de\/blog\/wp-json\/wp\/v2\/posts\/1555"}],"collection":[{"href":"https:\/\/www.schuh-germann.de\/blog\/wp-json\/wp\/v2\/posts"}],"about":[{"href":"https:\/\/www.schuh-germann.de\/blog\/wp-json\/wp\/v2\/types\/post"}],"author":[{"embeddable":true,"href":"https:\/\/www.schuh-germann.de\/blog\/wp-json\/wp\/v2\/users\/2"}],"replies":[{"embeddable":true,"href":"https:\/\/www.schuh-germann.de\/blog\/wp-json\/wp\/v2\/comments?post=1555"}],"version-history":[{"count":36,"href":"https:\/\/www.schuh-germann.de\/blog\/wp-json\/wp\/v2\/posts\/1555\/revisions"}],"predecessor-version":[{"id":1705,"href":"https:\/\/www.schuh-germann.de\/blog\/wp-json\/wp\/v2\/posts\/1555\/revisions\/1705"}],"wp:featuredmedia":[{"embeddable":true,"href":"https:\/\/www.schuh-germann.de\/blog\/wp-json\/wp\/v2\/media\/1653"}],"wp:attachment":[{"href":"https:\/\/www.schuh-germann.de\/blog\/wp-json\/wp\/v2\/media?parent=1555"}],"wp:term":[{"taxonomy":"category","embeddable":true,"href":"https:\/\/www.schuh-germann.de\/blog\/wp-json\/wp\/v2\/categories?post=1555"},{"taxonomy":"post_tag","embeddable":true,"href":"https:\/\/www.schuh-germann.de\/blog\/wp-json\/wp\/v2\/tags?post=1555"}],"curies":[{"name":"wp","href":"https:\/\/api.w.org\/{rel}","templated":true}]}}