{"id":1272,"date":"2019-11-07T10:37:29","date_gmt":"2019-11-07T09:37:29","guid":{"rendered":"https:\/\/www.schuh-germann.de\/blog\/?p=1272"},"modified":"2019-11-08T14:30:04","modified_gmt":"2019-11-08T13:30:04","slug":"farben-fuer-die-seele","status":"publish","type":"post","link":"https:\/\/www.schuh-germann.de\/blog\/farben-fuer-die-seele\/","title":{"rendered":"Farben f\u00fcr die Seele&#8230;"},"content":{"rendered":"\n<p>Farben von inspirierendem Blau zu sanftem Gr\u00fcn machen unsere Seele gl\u00fccklich und setzen Farbtupfer an tristen Tagen.<\/p>\n\n\n\n<p><img loading=\"lazy\" class=\"alignnone  wp-image-1276\" src=\"https:\/\/www.schuh-germann.de\/blog\/wp-content\/uploads\/2019\/10\/pantone-blau-gruen-300x56.jpg\" alt=\"\" width=\"611\" height=\"114\" srcset=\"https:\/\/www.schuh-germann.de\/blog\/wp-content\/uploads\/2019\/10\/pantone-blau-gruen-300x56.jpg 300w, https:\/\/www.schuh-germann.de\/blog\/wp-content\/uploads\/2019\/10\/pantone-blau-gruen.jpg 308w\" sizes=\"(max-width: 611px) 100vw, 611px\" \/>Diese Farbt\u00f6ne lassen sich sehr gut mit den Basic-Farben Wei\u00df oder Beige kombinieren und machen Lust auf herbstliche Spazierg\u00e4nge. Egal ob Mantel, Schal oder Pumps und Stiefel &#8230;.. die M\u00f6glichkeiten mit diesen Farben ein Statement zu setzen, sind nahezu unbegrenzt.<\/p>\r\n<h2>&#8230; einfach mal &#8222;blau&#8220; machen &#8230;<\/h2>\r\n<p>&#8230;Blau ist nicht nur die Lieblingsfarbe der Deutschen, Blau findet sich auch auf den internationalen Laufstegen. Denn Blau passt immer &#8211; egal zu welcher Haarfarbe, egal zu welchem Hauttyp. Man f\u00fchlt sich frisch und strahlend, ohne jedoch sofort alle Blicke auf sich zu ziehen. Blau ist das neue Schwarz &#8211; und l\u00e4sst sich mit den neuen Knallfarben sehr edel kombinieren. Oder als leuchtend blaues Einzelst\u00fcck mit den Basic-Farben Grau, Wei\u00df oder Off-White. Egal ob f\u00fcr Freizeit oder Office.<\/p>\r\n<p>&nbsp;<\/p>\r\n<p><img loading=\"lazy\" class=\"alignnone  wp-image-1292\" src=\"https:\/\/www.schuh-germann.de\/blog\/wp-content\/uploads\/2019\/10\/laura-273x300.jpg\" alt=\"\" width=\"198\" height=\"217\" srcset=\"https:\/\/www.schuh-germann.de\/blog\/wp-content\/uploads\/2019\/10\/laura-273x300.jpg 273w, https:\/\/www.schuh-germann.de\/blog\/wp-content\/uploads\/2019\/10\/laura-383x420.jpg 383w, https:\/\/www.schuh-germann.de\/blog\/wp-content\/uploads\/2019\/10\/laura.jpg 408w\" sizes=\"(max-width: 198px) 100vw, 198px\" \/><img loading=\"lazy\" class=\"alignnone  wp-image-1290\" src=\"https:\/\/www.schuh-germann.de\/blog\/wp-content\/uploads\/2019\/10\/laura2-265x300.jpg\" alt=\"\" width=\"199\" height=\"226\" srcset=\"https:\/\/www.schuh-germann.de\/blog\/wp-content\/uploads\/2019\/10\/laura2-265x300.jpg 265w, https:\/\/www.schuh-germann.de\/blog\/wp-content\/uploads\/2019\/10\/laura2-370x420.jpg 370w, https:\/\/www.schuh-germann.de\/blog\/wp-content\/uploads\/2019\/10\/laura2.jpg 411w\" sizes=\"(max-width: 199px) 100vw, 199px\" \/><img loading=\"lazy\" class=\"alignnone  wp-image-1291\" src=\"https:\/\/www.schuh-germann.de\/blog\/wp-content\/uploads\/2019\/10\/gabor-270x300.jpg\" alt=\"\" width=\"211\" height=\"233\" srcset=\"https:\/\/www.schuh-germann.de\/blog\/wp-content\/uploads\/2019\/10\/gabor-270x300.jpg 270w, https:\/\/www.schuh-germann.de\/blog\/wp-content\/uploads\/2019\/10\/gabor-378x420.jpg 378w\" sizes=\"(max-width: 211px) 100vw, 211px\" \/><\/p>\r\n<p>&nbsp;<\/p>\r\n<h2>&#8230;. das &#8222;EVERGREEN&#8220; der Farbwelt<\/h2>\r\n<p>Gr\u00fcn &#8211; in allen Schattierungen. <br \/>Keine einfache Farbe aber toll zu kombinieren. <br \/>F\u00fcr Gr\u00fcn-Einsteiger empfehlen wir erstmal ein Teil mit den neutralen Basic-Farben Schwarz, Grau, Wei\u00df oder Off-White zu kombinieren. Wem das zu auff\u00e4llig ist, der l\u00e4sst seine Wunschfarbe unter einem Blazer oder einem Pullover mit V-Ausschnitt herausblitzen! Das geht immer!<br \/><br \/><\/p>\r\n<p>&nbsp;<\/p>\r\n<p><img loading=\"lazy\" class=\"alignnone  wp-image-1296\" src=\"https:\/\/www.schuh-germann.de\/blog\/wp-content\/uploads\/2019\/10\/mustang-268x300.jpg\" alt=\"\" width=\"200\" height=\"224\" srcset=\"https:\/\/www.schuh-germann.de\/blog\/wp-content\/uploads\/2019\/10\/mustang-268x300.jpg 268w, https:\/\/www.schuh-germann.de\/blog\/wp-content\/uploads\/2019\/10\/mustang-376x420.jpg 376w, https:\/\/www.schuh-germann.de\/blog\/wp-content\/uploads\/2019\/10\/mustang.jpg 415w\" sizes=\"(max-width: 200px) 100vw, 200px\" \/><img loading=\"lazy\" class=\"alignnone  wp-image-1298\" src=\"https:\/\/www.schuh-germann.de\/blog\/wp-content\/uploads\/2019\/10\/rieker-gr-273x300.jpg\" alt=\"\" width=\"203\" height=\"223\" srcset=\"https:\/\/www.schuh-germann.de\/blog\/wp-content\/uploads\/2019\/10\/rieker-gr-273x300.jpg 273w, https:\/\/www.schuh-germann.de\/blog\/wp-content\/uploads\/2019\/10\/rieker-gr-382x420.jpg 382w, https:\/\/www.schuh-germann.de\/blog\/wp-content\/uploads\/2019\/10\/rieker-gr.jpg 414w\" sizes=\"(max-width: 203px) 100vw, 203px\" \/><img loading=\"lazy\" class=\"alignnone  wp-image-1297\" src=\"https:\/\/www.schuh-germann.de\/blog\/wp-content\/uploads\/2019\/10\/lowa-287x300.jpg\" alt=\"\" width=\"218\" height=\"228\" srcset=\"https:\/\/www.schuh-germann.de\/blog\/wp-content\/uploads\/2019\/10\/lowa-287x300.jpg 287w, https:\/\/www.schuh-germann.de\/blog\/wp-content\/uploads\/2019\/10\/lowa-402x420.jpg 402w, https:\/\/www.schuh-germann.de\/blog\/wp-content\/uploads\/2019\/10\/lowa.jpg 414w\" sizes=\"(max-width: 218px) 100vw, 218px\" \/><\/p>\r\n<p>&nbsp;<\/p>\r\n<p style=\"text-align: center;\"><strong>Freuen Sie sich n\u00e4chste Woche auf <\/strong><strong>die Klassiker <br \/>Schwarz, Grau, Off-White und Braun!<\/strong><br \/><br \/><\/p>\r\n<p style=\"text-align: center;\"><strong>Alle hier gezeigten Modelle &#8211; und viele mehr &#8211; <br \/>finden Sie in unserem Online-Shop!<\/strong><\/p>\r\n<p style=\"text-align: center;\"><a href=\"https:\/\/www.schuh-germann.de\"><strong>www.schuh-germann.de<\/strong><\/a><\/p>\r\n<p style=\"text-align: center;\">\u00a0<\/p>\r\n<p>&nbsp;<\/p>\r\n<p><img alt=\"\" \/><\/p>\r\n<p>\n\n\n\n\n<p><\/p>\n<p>&nbsp;<\/p>\n<p>&nbsp;<\/p>\n<p>&nbsp;<\/p>\n<p>&nbsp;<\/p>\n<p>&nbsp;<\/p>\n<p>&nbsp;<\/p>\n<p>&nbsp;<\/p>","protected":false},"excerpt":{"rendered":"<p>Farben von inspirierendem Blau zu sanftem Gr\u00fcn machen unsere Seele gl\u00fccklich und setzen Farbtupfer an tristen Tagen. Diese Farbt\u00f6ne lassen sich sehr gut mit den Basic-Farben Wei\u00df oder Beige kombinieren und machen Lust auf herbstliche Spazierg\u00e4nge. Egal ob Mantel, Schal oder Pumps und Stiefel &#8230;.. die M\u00f6glichkeiten mit diesen Farben ein Statement zu setzen, sind [&hellip;]<\/p>\n","protected":false},"author":2,"featured_media":1358,"comment_status":"open","ping_status":"open","sticky":false,"template":"","format":"standard","meta":[],"categories":[1,2,6],"tags":[1293,1292],"yoast_head":"<!-- This site is optimized with the Yoast SEO Premium plugin v16.1 (Yoast SEO v16.8) - https:\/\/yoast.com\/wordpress\/plugins\/seo\/ -->\n<meta name=\"robots\" content=\"index, follow, max-snippet:-1, max-image-preview:large, max-video-preview:-1\" \/>\n<link rel=\"canonical\" href=\"https:\/\/www.schuh-germann.de\/blog\/farben-fuer-die-seele\/\" \/>\n<meta property=\"og:locale\" content=\"de_DE\" \/>\n<meta property=\"og:type\" content=\"article\" \/>\n<meta property=\"og:title\" content=\"Farben f\u00fcr die Seele... - Fashion &amp; Lifestyle\" \/>\n<meta property=\"og:description\" content=\"Farben von inspirierendem Blau zu sanftem Gr\u00fcn machen unsere Seele gl\u00fccklich und setzen Farbtupfer an tristen Tagen. Diese Farbt\u00f6ne lassen sich sehr gut mit den Basic-Farben Wei\u00df oder Beige kombinieren und machen Lust auf herbstliche Spazierg\u00e4nge. Egal ob Mantel, Schal oder Pumps und Stiefel &#8230;.. die M\u00f6glichkeiten mit diesen Farben ein Statement zu setzen, sind [&hellip;]\" \/>\n<meta property=\"og:url\" content=\"https:\/\/www.schuh-germann.de\/blog\/farben-fuer-die-seele\/\" \/>\n<meta property=\"og:site_name\" content=\"Fashion &amp; Lifestyle\" \/>\n<meta property=\"article:publisher\" content=\"https:\/\/www.facebook.com\/schuh.germann\/\" \/>\n<meta property=\"article:published_time\" content=\"2019-11-07T09:37:29+00:00\" \/>\n<meta property=\"article:modified_time\" content=\"2019-11-08T13:30:04+00:00\" \/>\n<meta property=\"og:image\" content=\"https:\/\/www.schuh-germann.de\/blog\/wp-content\/uploads\/2019\/10\/Beitragsbild1_302730194-6.jpg\" \/>\n\t<meta property=\"og:image:width\" content=\"886\" \/>\n\t<meta property=\"og:image:height\" content=\"437\" \/>\n<meta name=\"twitter:card\" content=\"summary\" \/>\n<meta name=\"twitter:label1\" content=\"Verfasst von\" \/>\n\t<meta name=\"twitter:data1\" content=\"Schuh Germann\" \/>\n\t<meta name=\"twitter:label2\" content=\"Gesch\u00e4tzte Lesezeit\" \/>\n\t<meta name=\"twitter:data2\" content=\"1 Minute\" \/>\n<script type=\"application\/ld+json\" class=\"yoast-schema-graph\">{\"@context\":\"https:\/\/schema.org\",\"@graph\":[{\"@type\":[\"Organization\",\"Place\"],\"@id\":\"https:\/\/www.schuh-germann.de\/blog\/#organization\",\"name\":\"Schuh Germann GmbH\",\"url\":\"https:\/\/www.schuh-germann.de\/blog\/\",\"sameAs\":[\"https:\/\/www.facebook.com\/schuh.germann\/\",\"https:\/\/www.instagram.com\/schuhgermann\/\"],\"logo\":{\"@type\":\"ImageObject\",\"@id\":\"https:\/\/www.schuh-germann.de\/blog\/#logo\",\"inLanguage\":\"de-DE\",\"url\":\"https:\/\/www.schuh-germann.de\/blog\/wp-content\/uploads\/2017\/03\/germann_logo_rot.png\",\"contentUrl\":\"https:\/\/www.schuh-germann.de\/blog\/wp-content\/uploads\/2017\/03\/germann_logo_rot.png\",\"width\":460,\"height\":189,\"caption\":\"Schuh Germann GmbH\"},\"image\":{\"@id\":\"https:\/\/www.schuh-germann.de\/blog\/#logo\"},\"mainEntityOfPage\":{\"@id\":\"https:\/\/www.schuh-germann.de\/blog\/farben-fuer-die-seele\/#webpage\"}},{\"@type\":\"WebSite\",\"@id\":\"https:\/\/www.schuh-germann.de\/blog\/#website\",\"url\":\"https:\/\/www.schuh-germann.de\/blog\/\",\"name\":\"Fashion &amp; Lifestyle\",\"description\":\"SHOE ! STYLES\",\"publisher\":{\"@id\":\"https:\/\/www.schuh-germann.de\/blog\/#organization\"},\"potentialAction\":[{\"@type\":\"SearchAction\",\"target\":{\"@type\":\"EntryPoint\",\"urlTemplate\":\"https:\/\/www.schuh-germann.de\/blog\/?s={search_term_string}\"},\"query-input\":\"required name=search_term_string\"}],\"inLanguage\":\"de-DE\"},{\"@type\":\"ImageObject\",\"@id\":\"https:\/\/www.schuh-germann.de\/blog\/farben-fuer-die-seele\/#primaryimage\",\"inLanguage\":\"de-DE\",\"url\":\"https:\/\/www.schuh-germann.de\/blog\/wp-content\/uploads\/2019\/10\/Beitragsbild1_302730194-6.jpg\",\"contentUrl\":\"https:\/\/www.schuh-germann.de\/blog\/wp-content\/uploads\/2019\/10\/Beitragsbild1_302730194-6.jpg\",\"width\":886,\"height\":437},{\"@type\":\"WebPage\",\"@id\":\"https:\/\/www.schuh-germann.de\/blog\/farben-fuer-die-seele\/#webpage\",\"url\":\"https:\/\/www.schuh-germann.de\/blog\/farben-fuer-die-seele\/\",\"name\":\"Farben f\\u00fcr die Seele... - Fashion &amp; Lifestyle\",\"isPartOf\":{\"@id\":\"https:\/\/www.schuh-germann.de\/blog\/#website\"},\"primaryImageOfPage\":{\"@id\":\"https:\/\/www.schuh-germann.de\/blog\/farben-fuer-die-seele\/#primaryimage\"},\"datePublished\":\"2019-11-07T09:37:29+00:00\",\"dateModified\":\"2019-11-08T13:30:04+00:00\",\"breadcrumb\":{\"@id\":\"https:\/\/www.schuh-germann.de\/blog\/farben-fuer-die-seele\/#breadcrumb\"},\"inLanguage\":\"de-DE\",\"potentialAction\":[{\"@type\":\"ReadAction\",\"target\":[\"https:\/\/www.schuh-germann.de\/blog\/farben-fuer-die-seele\/\"]}]},{\"@type\":\"BreadcrumbList\",\"@id\":\"https:\/\/www.schuh-germann.de\/blog\/farben-fuer-die-seele\/#breadcrumb\",\"itemListElement\":[{\"@type\":\"ListItem\",\"position\":1,\"name\":\"Startseite\",\"item\":\"https:\/\/www.schuh-germann.de\/blog\/\"},{\"@type\":\"ListItem\",\"position\":2,\"name\":\"Farben f\\u00fcr die Seele&#8230;\"}]},{\"@type\":[\"Article\",\"NewsArticle\"],\"@id\":\"https:\/\/www.schuh-germann.de\/blog\/farben-fuer-die-seele\/#article\",\"isPartOf\":{\"@id\":\"https:\/\/www.schuh-germann.de\/blog\/farben-fuer-die-seele\/#webpage\"},\"author\":{\"@id\":\"https:\/\/www.schuh-germann.de\/blog\/#\/schema\/person\/2c78ced8e35f47c19279a3a2f98da03b\"},\"headline\":\"Farben f\\u00fcr die Seele&#8230;\",\"datePublished\":\"2019-11-07T09:37:29+00:00\",\"dateModified\":\"2019-11-08T13:30:04+00:00\",\"mainEntityOfPage\":{\"@id\":\"https:\/\/www.schuh-germann.de\/blog\/farben-fuer-die-seele\/#webpage\"},\"wordCount\":255,\"commentCount\":0,\"publisher\":{\"@id\":\"https:\/\/www.schuh-germann.de\/blog\/#organization\"},\"image\":{\"@id\":\"https:\/\/www.schuh-germann.de\/blog\/farben-fuer-die-seele\/#primaryimage\"},\"thumbnailUrl\":\"https:\/\/www.schuh-germann.de\/blog\/wp-content\/uploads\/2019\/10\/Beitragsbild1_302730194-6.jpg\",\"keywords\":[\"Schuhstyle\",\"Trendfarbe\"],\"articleSection\":{\"1\":\"Featured\",\"2\":\"Style Highlights\"},\"inLanguage\":\"de-DE\",\"potentialAction\":[{\"@type\":\"CommentAction\",\"name\":\"Comment\",\"target\":[\"https:\/\/www.schuh-germann.de\/blog\/farben-fuer-die-seele\/#respond\"]}],\"copyrightYear\":\"2019\",\"copyrightHolder\":{\"@id\":\"https:\/\/www.schuh-germann.de\/blog\/#organization\"}},{\"@type\":\"Person\",\"@id\":\"https:\/\/www.schuh-germann.de\/blog\/#\/schema\/person\/2c78ced8e35f47c19279a3a2f98da03b\",\"name\":\"Schuh Germann\",\"image\":{\"@type\":\"ImageObject\",\"@id\":\"https:\/\/www.schuh-germann.de\/blog\/#personlogo\",\"inLanguage\":\"de-DE\",\"url\":\"https:\/\/secure.gravatar.com\/avatar\/d76d226f119bb70e9f5333d1910df36f?s=96&d=mm&r=g\",\"contentUrl\":\"https:\/\/secure.gravatar.com\/avatar\/d76d226f119bb70e9f5333d1910df36f?s=96&d=mm&r=g\",\"caption\":\"Schuh Germann\"},\"sameAs\":[\"https:\/\/www.schuh-germann.de\/\"],\"url\":\"https:\/\/www.schuh-germann.de\/blog\/author\/schuh-germann\/\"}]}<\/script>\n<!-- \/ Yoast SEO Premium plugin. -->","yoast_head_json":{"robots":{"index":"index","follow":"follow","max-snippet":"max-snippet:-1","max-image-preview":"max-image-preview:large","max-video-preview":"max-video-preview:-1"},"canonical":"https:\/\/www.schuh-germann.de\/blog\/farben-fuer-die-seele\/","og_locale":"de_DE","og_type":"article","og_title":"Farben f\u00fcr die Seele... - Fashion &amp; Lifestyle","og_description":"Farben von inspirierendem Blau zu sanftem Gr\u00fcn machen unsere Seele gl\u00fccklich und setzen Farbtupfer an tristen Tagen. Diese Farbt\u00f6ne lassen sich sehr gut mit den Basic-Farben Wei\u00df oder Beige kombinieren und machen Lust auf herbstliche Spazierg\u00e4nge. Egal ob Mantel, Schal oder Pumps und Stiefel &#8230;.. die M\u00f6glichkeiten mit diesen Farben ein Statement zu setzen, sind [&hellip;]","og_url":"https:\/\/www.schuh-germann.de\/blog\/farben-fuer-die-seele\/","og_site_name":"Fashion &amp; Lifestyle","article_publisher":"https:\/\/www.facebook.com\/schuh.germann\/","article_published_time":"2019-11-07T09:37:29+00:00","article_modified_time":"2019-11-08T13:30:04+00:00","og_image":[{"width":886,"height":437,"url":"https:\/\/www.schuh-germann.de\/blog\/wp-content\/uploads\/2019\/10\/Beitragsbild1_302730194-6.jpg","path":"\/var\/www\/html\/blog\/wp-content\/uploads\/2019\/10\/Beitragsbild1_302730194-6.jpg","size":"full","id":1358,"alt":"","pixels":387182,"type":"image\/jpeg"}],"twitter_card":"summary","twitter_misc":{"Verfasst von":"Schuh Germann","Gesch\u00e4tzte Lesezeit":"1 Minute"},"schema":{"@context":"https:\/\/schema.org","@graph":[{"@type":["Organization","Place"],"@id":"https:\/\/www.schuh-germann.de\/blog\/#organization","name":"Schuh Germann GmbH","url":"https:\/\/www.schuh-germann.de\/blog\/","sameAs":["https:\/\/www.facebook.com\/schuh.germann\/","https:\/\/www.instagram.com\/schuhgermann\/"],"logo":{"@type":"ImageObject","@id":"https:\/\/www.schuh-germann.de\/blog\/#logo","inLanguage":"de-DE","url":"https:\/\/www.schuh-germann.de\/blog\/wp-content\/uploads\/2017\/03\/germann_logo_rot.png","contentUrl":"https:\/\/www.schuh-germann.de\/blog\/wp-content\/uploads\/2017\/03\/germann_logo_rot.png","width":460,"height":189,"caption":"Schuh Germann GmbH"},"image":{"@id":"https:\/\/www.schuh-germann.de\/blog\/#logo"},"mainEntityOfPage":{"@id":"https:\/\/www.schuh-germann.de\/blog\/farben-fuer-die-seele\/#webpage"}},{"@type":"WebSite","@id":"https:\/\/www.schuh-germann.de\/blog\/#website","url":"https:\/\/www.schuh-germann.de\/blog\/","name":"Fashion &amp; Lifestyle","description":"SHOE ! STYLES","publisher":{"@id":"https:\/\/www.schuh-germann.de\/blog\/#organization"},"potentialAction":[{"@type":"SearchAction","target":{"@type":"EntryPoint","urlTemplate":"https:\/\/www.schuh-germann.de\/blog\/?s={search_term_string}"},"query-input":"required name=search_term_string"}],"inLanguage":"de-DE"},{"@type":"ImageObject","@id":"https:\/\/www.schuh-germann.de\/blog\/farben-fuer-die-seele\/#primaryimage","inLanguage":"de-DE","url":"https:\/\/www.schuh-germann.de\/blog\/wp-content\/uploads\/2019\/10\/Beitragsbild1_302730194-6.jpg","contentUrl":"https:\/\/www.schuh-germann.de\/blog\/wp-content\/uploads\/2019\/10\/Beitragsbild1_302730194-6.jpg","width":886,"height":437},{"@type":"WebPage","@id":"https:\/\/www.schuh-germann.de\/blog\/farben-fuer-die-seele\/#webpage","url":"https:\/\/www.schuh-germann.de\/blog\/farben-fuer-die-seele\/","name":"Farben f\u00fcr die Seele... - Fashion &amp; Lifestyle","isPartOf":{"@id":"https:\/\/www.schuh-germann.de\/blog\/#website"},"primaryImageOfPage":{"@id":"https:\/\/www.schuh-germann.de\/blog\/farben-fuer-die-seele\/#primaryimage"},"datePublished":"2019-11-07T09:37:29+00:00","dateModified":"2019-11-08T13:30:04+00:00","breadcrumb":{"@id":"https:\/\/www.schuh-germann.de\/blog\/farben-fuer-die-seele\/#breadcrumb"},"inLanguage":"de-DE","potentialAction":[{"@type":"ReadAction","target":["https:\/\/www.schuh-germann.de\/blog\/farben-fuer-die-seele\/"]}]},{"@type":"BreadcrumbList","@id":"https:\/\/www.schuh-germann.de\/blog\/farben-fuer-die-seele\/#breadcrumb","itemListElement":[{"@type":"ListItem","position":1,"name":"Startseite","item":"https:\/\/www.schuh-germann.de\/blog\/"},{"@type":"ListItem","position":2,"name":"Farben f\u00fcr die Seele&#8230;"}]},{"@type":["Article","NewsArticle"],"@id":"https:\/\/www.schuh-germann.de\/blog\/farben-fuer-die-seele\/#article","isPartOf":{"@id":"https:\/\/www.schuh-germann.de\/blog\/farben-fuer-die-seele\/#webpage"},"author":{"@id":"https:\/\/www.schuh-germann.de\/blog\/#\/schema\/person\/2c78ced8e35f47c19279a3a2f98da03b"},"headline":"Farben f\u00fcr die Seele&#8230;","datePublished":"2019-11-07T09:37:29+00:00","dateModified":"2019-11-08T13:30:04+00:00","mainEntityOfPage":{"@id":"https:\/\/www.schuh-germann.de\/blog\/farben-fuer-die-seele\/#webpage"},"wordCount":255,"commentCount":0,"publisher":{"@id":"https:\/\/www.schuh-germann.de\/blog\/#organization"},"image":{"@id":"https:\/\/www.schuh-germann.de\/blog\/farben-fuer-die-seele\/#primaryimage"},"thumbnailUrl":"https:\/\/www.schuh-germann.de\/blog\/wp-content\/uploads\/2019\/10\/Beitragsbild1_302730194-6.jpg","keywords":["Schuhstyle","Trendfarbe"],"articleSection":{"1":"Featured","2":"Style Highlights"},"inLanguage":"de-DE","potentialAction":[{"@type":"CommentAction","name":"Comment","target":["https:\/\/www.schuh-germann.de\/blog\/farben-fuer-die-seele\/#respond"]}],"copyrightYear":"2019","copyrightHolder":{"@id":"https:\/\/www.schuh-germann.de\/blog\/#organization"}},{"@type":"Person","@id":"https:\/\/www.schuh-germann.de\/blog\/#\/schema\/person\/2c78ced8e35f47c19279a3a2f98da03b","name":"Schuh Germann","image":{"@type":"ImageObject","@id":"https:\/\/www.schuh-germann.de\/blog\/#personlogo","inLanguage":"de-DE","url":"https:\/\/secure.gravatar.com\/avatar\/d76d226f119bb70e9f5333d1910df36f?s=96&d=mm&r=g","contentUrl":"https:\/\/secure.gravatar.com\/avatar\/d76d226f119bb70e9f5333d1910df36f?s=96&d=mm&r=g","caption":"Schuh Germann"},"sameAs":["https:\/\/www.schuh-germann.de\/"],"url":"https:\/\/www.schuh-germann.de\/blog\/author\/schuh-germann\/"}]}},"_links":{"self":[{"href":"https:\/\/www.schuh-germann.de\/blog\/wp-json\/wp\/v2\/posts\/1272"}],"collection":[{"href":"https:\/\/www.schuh-germann.de\/blog\/wp-json\/wp\/v2\/posts"}],"about":[{"href":"https:\/\/www.schuh-germann.de\/blog\/wp-json\/wp\/v2\/types\/post"}],"author":[{"embeddable":true,"href":"https:\/\/www.schuh-germann.de\/blog\/wp-json\/wp\/v2\/users\/2"}],"replies":[{"embeddable":true,"href":"https:\/\/www.schuh-germann.de\/blog\/wp-json\/wp\/v2\/comments?post=1272"}],"version-history":[{"count":26,"href":"https:\/\/www.schuh-germann.de\/blog\/wp-json\/wp\/v2\/posts\/1272\/revisions"}],"predecessor-version":[{"id":1366,"href":"https:\/\/www.schuh-germann.de\/blog\/wp-json\/wp\/v2\/posts\/1272\/revisions\/1366"}],"wp:featuredmedia":[{"embeddable":true,"href":"https:\/\/www.schuh-germann.de\/blog\/wp-json\/wp\/v2\/media\/1358"}],"wp:attachment":[{"href":"https:\/\/www.schuh-germann.de\/blog\/wp-json\/wp\/v2\/media?parent=1272"}],"wp:term":[{"taxonomy":"category","embeddable":true,"href":"https:\/\/www.schuh-germann.de\/blog\/wp-json\/wp\/v2\/categories?post=1272"},{"taxonomy":"post_tag","embeddable":true,"href":"https:\/\/www.schuh-germann.de\/blog\/wp-json\/wp\/v2\/tags?post=1272"}],"curies":[{"name":"wp","href":"https:\/\/api.w.org\/{rel}","templated":true}]}}